{"id":75340,"date":"2018-12-04T14:44:44","date_gmt":"2018-12-04T17:44:44","guid":{"rendered":"http:\/\/www.caririemacao.com\/1\/?p=75340"},"modified":"2018-12-04T14:44:44","modified_gmt":"2018-12-04T17:44:44","slug":"imagens-fortes-seguranca-do-carrefour-e-acusado-de-matar-cachorro-a-pauladas-e-causa-revolta-nas-redes-sociais","status":"publish","type":"post","link":"https:\/\/www.caririemacao.com\/1\/2018\/12\/04\/imagens-fortes-seguranca-do-carrefour-e-acusado-de-matar-cachorro-a-pauladas-e-causa-revolta-nas-redes-sociais\/","title":{"rendered":"IMAGENS FORTES: Seguran\u00e7a do Carrefour \u00e9 acusado de matar cachorro a pauladas e causa revolta nas redes sociais"},"content":{"rendered":"<p>Neste s\u00e1bado (1\u00ba), um grupo de ativistas pelos direitos dos animais realizou um protesto dentro do Carrefour de Osasco pela morte de um cachorro. O animal teria sido assassinado a pauladas por um seguran\u00e7a do hipermercado. H\u00e1 a suspeita de que o c\u00e3o tamb\u00e9m tenha sido envenenado.<\/p>\n<p>De acordo com os ativistas, o cachorro havia sido abandonado no estacionamento do Carrefour Osasco cerca de uma semana antes de ser morto. Alguns funcion\u00e1rios da rede e de lojas que ficam no centro de compras vinham alimentando o animal. At\u00e9 que um seguran\u00e7a da rede o agrediu at\u00e9 que as patas quebrassem, na \u00faltima quarta-feira (28).<\/p>\n<p>Com o c\u00e3o sangrando, rastejando e bastante fragilizado, a Zoonoses de Osasco foi chamada. Representantes da loja teriam dito que o animal havia sido atropelado ali pr\u00f3ximo, na avenida dos Autonomistas, vers\u00e3o contestada por testemunhas. O cachorro foi socorrido pela Zoonoses, mas n\u00e3o resistiu aos ferimentos e morreu.<\/p>\n<p>Neste s\u00e1bado (2), o delegado Bruno Lima, atuante na causa animal, esteve no local para acompanhar o caso, ao lado do vereador Ralfi Silva (Podemos). Um inqu\u00e9rito vai apurar se o cachorro tamb\u00e9m foi envenenado e se o seguran\u00e7a que o matou cumpria ordens da chefia, como acusam ativistas, ou agiu por conta pr\u00f3pria.<\/p>\n<p>\u201cEstaremos acompanhando de perto at\u00e9 que esse crime seja solucionado. Temos algumas testemunhas que confirmam o ato cruel e que identificaram o autor do crime. Infelizmente a dor que o animal sofreu n\u00e3o temos como apagar e tamb\u00e9m a sua vida trazer de volta, mas seremos sua voz e lutaremos em seu nome\u201d, declarou Bruno Lima.<\/p>\n<p>Maltratar animais \u00e9 crime, que pode render de tr\u00eas meses a um ano de pris\u00e3o e multa. A puni\u00e7\u00e3o \u00e9 aumentada em at\u00e9 um ter\u00e7o se houver morte.<\/p>\n<p><strong>Carrefour diz que morte de cachorro n\u00e3o foi causada por seguran\u00e7a<\/strong><\/p>\n<p>O Carrefor divulgou nota na tarde desta segunda-feira (3) se pronunciou novamente sobre a morte de um c\u00e3o nas depend\u00eancias do hipermercado em Osasco. A rede diz que o cachorro \u201cdesfaleceu em raz\u00e3o do uso de um \u2018enforcador\u2019, tipo de equipamento de conten\u00e7\u00e3o\u201d utilizado por profissionais da Zoonoses do munic\u00edpio que foram ao local recolher o c\u00e3o.<\/p>\n<p>A delegacia especializada de Osasco (D.I.I.C.M.A.) abriu inqu\u00e9rito e est\u00e1 investigando o caso. Estamos colaborando com as autoridades, disponibilizamos todas as informa\u00e7\u00f5es e imagens para que o fato seja solucionado.\u201d<\/p>\n<p><strong>Zoonoses<\/strong><\/p>\n<p>J\u00e1 a Zoonoses de Osasco diz que prestou atendimento ao animal acreditando que ele havia sido v\u00edtima de atropelamento. S\u00f3 dois dias ap\u00f3s o epis\u00f3dio chegou a den\u00fancia de que na verdade o c\u00e3o teria sido espancado e envenenado, e n\u00e3o atropelado.<\/p>\n<p>O \u00f3rg\u00e3o alega ainda que a administra\u00e7\u00e3o municipal vai acompanhar o inqu\u00e9rito policial que foi aberto para apurar o caso e que s\u00f3 ser\u00e1 poss\u00edvel afirmar com clareza o que aconteceu com o c\u00e3o ap\u00f3s a conclus\u00e3o das investiga\u00e7\u00f5es.<\/p>\n<div class=\"td-a-rec td-a-rec-id-content_inline  \">\n<div class=\"g g-28\">\n<div class=\"g-single a-118\"><center><\/center><center>Ativistas fizeram protesto dentro do Carrefour de Osasco no s\u00e1bado (1\u00ba) e t\u00eam pregado boicote \u00e0 empresa afirmando que o animal morreu ap\u00f3s ser agredido a pauladas por um seguran\u00e7a, que teria cumprido ordens superiores.<\/center><\/div>\n<\/div>\n<\/div>\n<p><strong>Diz o Carrefour, na nota:<\/strong><\/p>\n<p>\u201cNossa apura\u00e7\u00e3o preliminar apontou que o cachorro estava circulando pelo estacionamento havia alguns dias. O Centro de Zoonoses de Osasco foi acionado por diversas vezes, mas n\u00e3o recolheu o animal. No dia do incidente, clientes se queixaram sobre a presen\u00e7a do cachorro, e, novamente, o \u00f3rg\u00e3o foi acionado.<\/p>\n<p>Um funcion\u00e1rio de empresa terceirizada tentou afast\u00e1-lo da entrada da loja e imagens mostram que esta abordagem pode ter ocasionado um ferimento na pata do animal. O Centro de Zoonoses de Osasco foi acionado novamente e compareceu ao local para recolh\u00ea-lo. No entanto, no momento da abordagem dos profissionais do \u00f3rg\u00e3o para imobiliza\u00e7\u00e3o, o cachorro desfaleceu em raz\u00e3o do uso de um \u2018enforcador\u2019, tipo de equipamento de conten\u00e7\u00e3o.<\/p>\n<p>O Carrefour declarou, por meio de suas redes sociais, que vai colaborar e acompanhar as investiga\u00e7\u00f5es e que repudia maus tratos aos animais. Ativistas da causa animal acusam a rede de omiss\u00e3o sobre o caso.<\/p>\n<p><strong>Por meio de sua assessoria de imprensa, o Carrefour divulgou a seguinte nota:<\/strong><\/p>\n<p>\u201cA rede informa que repudia veementemente qualquer tipo de maus-tratos. Esclarece ainda que, preventivamente, afastou a equipe respons\u00e1vel pela seguran\u00e7a do local no dia da ocorr\u00eancia at\u00e9 que a rigorosa apura\u00e7\u00e3o em curso seja conclu\u00edda e as devidas provid\u00eancias adotadas. Refor\u00e7a tamb\u00e9m que, assim que notou a presen\u00e7a do animal nas depend\u00eancias da loja, o acolheu, oferecendo \u00e1gua e comida, at\u00e9 que a equipe do Centro de Controle de Zoonoses de Osasco chegasse ao local para o devido atendimento\u201d.<\/p>\n<p>&nbsp;<\/p>\n<p>VEJA<\/p>\n","protected":false},"excerpt":{"rendered":"<p>Neste s\u00e1bado (1\u00ba), um grupo de ativistas pelos direitos dos animais realizou um protesto dentro do Carrefour de Osasco pela morte de um cachorro. O&hellip; <\/p>\n","protected":false},"author":1,"featured_media":75351,"comment_status":"closed","ping_status":"closed","sticky":false,"template":"","format":"standard","meta":{"sfsi_plus_gutenberg_text_before_share":"","sfsi_plus_gutenberg_show_text_before_share":"","sfsi_plus_gutenberg_icon_type":"","sfsi_plus_gutenberg_icon_alignemt":"","sfsi_plus_gutenburg_max_per_row":"","footnotes":""},"categories":[12],"tags":[],"class_list":["post-75340","post","type-post","status-publish","format-standard","has-post-thumbnail","hentry","category-policia"],"_links":{"self":[{"href":"https:\/\/www.caririemacao.com\/1\/wp-json\/wp\/v2\/posts\/75340","targetHints":{"allow":["GET"]}}],"collection":[{"href":"https:\/\/www.caririemacao.com\/1\/wp-json\/wp\/v2\/posts"}],"about":[{"href":"https:\/\/www.caririemacao.com\/1\/wp-json\/wp\/v2\/types\/post"}],"author":[{"embeddable":true,"href":"https:\/\/www.caririemacao.com\/1\/wp-json\/wp\/v2\/users\/1"}],"replies":[{"embeddable":true,"href":"https:\/\/www.caririemacao.com\/1\/wp-json\/wp\/v2\/comments?post=75340"}],"version-history":[{"count":1,"href":"https:\/\/www.caririemacao.com\/1\/wp-json\/wp\/v2\/posts\/75340\/revisions"}],"predecessor-version":[{"id":75352,"href":"https:\/\/www.caririemacao.com\/1\/wp-json\/wp\/v2\/posts\/75340\/revisions\/75352"}],"wp:featuredmedia":[{"embeddable":true,"href":"https:\/\/www.caririemacao.com\/1\/wp-json\/wp\/v2\/media\/75351"}],"wp:attachment":[{"href":"https:\/\/www.caririemacao.com\/1\/wp-json\/wp\/v2\/media?parent=75340"}],"wp:term":[{"taxonomy":"category","embeddable":true,"href":"https:\/\/www.caririemacao.com\/1\/wp-json\/wp\/v2\/categories?post=75340"},{"taxonomy":"post_tag","embeddable":true,"href":"https:\/\/www.caririemacao.com\/1\/wp-json\/wp\/v2\/tags?post=75340"}],"curies":[{"name":"wp","href":"https:\/\/api.w.org\/{rel}","templated":true}]}}