{"id":75354,"date":"2018-12-04T14:49:30","date_gmt":"2018-12-04T17:49:30","guid":{"rendered":"http:\/\/www.caririemacao.com\/1\/?p=75354"},"modified":"2018-12-04T14:49:30","modified_gmt":"2018-12-04T17:49:30","slug":"por-3-votos-a-2-ministros-da-2a-turma-do-stf-decidem-colocar-em-votacao-habeas-corpus-de-lula","status":"publish","type":"post","link":"https:\/\/www.caririemacao.com\/1\/2018\/12\/04\/por-3-votos-a-2-ministros-da-2a-turma-do-stf-decidem-colocar-em-votacao-habeas-corpus-de-lula\/","title":{"rendered":"Por 3 votos a 2, ministros da 2\u00aa turma do STF decidem colocar em vota\u00e7\u00e3o habeas corpus de Lula"},"content":{"rendered":"<p>Por 3 votos a 2, a 2\u00aa Turma do Supremo Tribunal Federal (STF) decidiu prosseguir com julgamento do Habeas Corpus pedido pela defesa do ex-presidente Lula ainda nesta ter\u00e7a-feira (4). Votaram pela continuidade: Edson Fachin, Celso de Mello e C\u00e1rmen L\u00facia. Ricardo Lewandowski e Gilmar Mendes votaram para levar o caso ao plen\u00e1rio do Supremo e foram vencidos.<\/p>\n<p>Na retomada do julgamento, a defesa do presidente Lula come\u00e7ou a expor o ponto de vista sobre o caso. \u201cAssegura-se a todo e qualquer ser humano o direito de processo justo. O que \u00e9 o processo justo aquele que se desenvolve de acordo com o que prev\u00ea a lei e conduzido por juiz imparcial\u201d.<\/p>\n<p>No pedido de habeas corpus, os advogados de Lula argumentam que a indica\u00e7\u00e3o do ex-juiz federal Sergio Moro para o governo de Jair Bolsonaro demonstra parcialidade e que ele agiu \u201cpoliticamente\u201d.<\/p>\n<p>&nbsp;<\/p>\n<p>Revista Forum<\/p>\n","protected":false},"excerpt":{"rendered":"<p>Por 3 votos a 2, a 2\u00aa Turma do Supremo Tribunal Federal (STF) decidiu prosseguir com julgamento do Habeas Corpus pedido pela defesa do ex-presidente&hellip; <\/p>\n","protected":false},"author":1,"featured_media":75355,"comment_status":"closed","ping_status":"closed","sticky":false,"template":"","format":"standard","meta":{"sfsi_plus_gutenberg_text_before_share":"","sfsi_plus_gutenberg_show_text_before_share":"","sfsi_plus_gutenberg_icon_type":"","sfsi_plus_gutenberg_icon_alignemt":"","sfsi_plus_gutenburg_max_per_row":"","footnotes":""},"categories":[11],"tags":[],"class_list":["post-75354","post","type-post","status-publish","format-standard","has-post-thumbnail","hentry","category-politica"],"_links":{"self":[{"href":"https:\/\/www.caririemacao.com\/1\/wp-json\/wp\/v2\/posts\/75354","targetHints":{"allow":["GET"]}}],"collection":[{"href":"https:\/\/www.caririemacao.com\/1\/wp-json\/wp\/v2\/posts"}],"about":[{"href":"https:\/\/www.caririemacao.com\/1\/wp-json\/wp\/v2\/types\/post"}],"author":[{"embeddable":true,"href":"https:\/\/www.caririemacao.com\/1\/wp-json\/wp\/v2\/users\/1"}],"replies":[{"embeddable":true,"href":"https:\/\/www.caririemacao.com\/1\/wp-json\/wp\/v2\/comments?post=75354"}],"version-history":[{"count":1,"href":"https:\/\/www.caririemacao.com\/1\/wp-json\/wp\/v2\/posts\/75354\/revisions"}],"predecessor-version":[{"id":75356,"href":"https:\/\/www.caririemacao.com\/1\/wp-json\/wp\/v2\/posts\/75354\/revisions\/75356"}],"wp:featuredmedia":[{"embeddable":true,"href":"https:\/\/www.caririemacao.com\/1\/wp-json\/wp\/v2\/media\/75355"}],"wp:attachment":[{"href":"https:\/\/www.caririemacao.com\/1\/wp-json\/wp\/v2\/media?parent=75354"}],"wp:term":[{"taxonomy":"category","embeddable":true,"href":"https:\/\/www.caririemacao.com\/1\/wp-json\/wp\/v2\/categories?post=75354"},{"taxonomy":"post_tag","embeddable":true,"href":"https:\/\/www.caririemacao.com\/1\/wp-json\/wp\/v2\/tags?post=75354"}],"curies":[{"name":"wp","href":"https:\/\/api.w.org\/{rel}","templated":true}]}}