{"id":75361,"date":"2018-12-04T15:11:03","date_gmt":"2018-12-04T18:11:03","guid":{"rendered":"http:\/\/www.caririemacao.com\/1\/?p=75361"},"modified":"2018-12-04T15:33:52","modified_gmt":"2018-12-04T18:33:52","slug":"gestao-sandro-moco-se-consolida-pela-realizacao-e-apoio-a-grandes-eventos","status":"publish","type":"post","link":"https:\/\/www.caririemacao.com\/1\/2018\/12\/04\/gestao-sandro-moco-se-consolida-pela-realizacao-e-apoio-a-grandes-eventos\/","title":{"rendered":"Gest\u00e3o Sandro M\u00f4co se consolida pela realiza\u00e7\u00e3o e apoio \u00e0 grandes eventos"},"content":{"rendered":"<p>Definitivamente, a gest\u00e3o do prefeito Sandro M\u00f4co na cidade de Camala\u00fa tem se destacado em diversos aspectos em rela\u00e7\u00e3o a governos anteriores.<\/p>\n<p>E um deles, \u00e9 o inventivo \u00e0 cultura e ao lazer atrav\u00e9s do apoio e da realiza\u00e7\u00e3o de eventos no munic\u00edpio.<\/p>\n<p>O prefeito Sandro deu uma nova roupagem ao Carnaval do munic\u00edpio, criando o Carnaval solid\u00e1rio e repaginando o evento que vinha perdendo prest\u00edgio na \u00faltima gest\u00e3o.<\/p>\n<p>Sandro tamb\u00e9m passou a investir forte na realiza\u00e7\u00e3o e apoio a eventos culturais, e isto ficou comprovado nos \u00faltimos 10 dias. Em menos de uma semana, Camala\u00fa se tornou a sede do prestigiado concurso Miss e Mister Cariri, recebeu dezenas de ciclistas no passeio CC BIKE e realizou ainda a 2\u00aa edi\u00e7\u00e3o do maior festival de sanfona do interior da Para\u00edba, o SANFONA FEST.<\/p>\n<p>\u201cPromovemos e apoiamos eventos culturais, desportivos, e de lazer, de forma respons\u00e1vel, sem comprometer as finan\u00e7as p\u00fablicas, mas tamb\u00e9m nunca deixando de valorizar a cultura, o entretenimento, o esporte o lazer do nosso povo de Camala\u00fa\u201d, disse o prefeito<\/p>\n<p><strong>F\u00c1BIO BRITO<\/strong><\/p>\n","protected":false},"excerpt":{"rendered":"<p>Definitivamente, a gest\u00e3o do prefeito Sandro M\u00f4co na cidade de Camala\u00fa tem se destacado em diversos aspectos em rela\u00e7\u00e3o a governos anteriores. E um deles,&hellip; <\/p>\n","protected":false},"author":1,"featured_media":0,"comment_status":"closed","ping_status":"closed","sticky":false,"template":"","format":"standard","meta":{"sfsi_plus_gutenberg_text_before_share":"","sfsi_plus_gutenberg_show_text_before_share":"","sfsi_plus_gutenberg_icon_type":"","sfsi_plus_gutenberg_icon_alignemt":"","sfsi_plus_gutenburg_max_per_row":"","footnotes":""},"categories":[6],"tags":[],"class_list":["post-75361","post","type-post","status-publish","format-standard","hentry","category-cidades"],"_links":{"self":[{"href":"https:\/\/www.caririemacao.com\/1\/wp-json\/wp\/v2\/posts\/75361","targetHints":{"allow":["GET"]}}],"collection":[{"href":"https:\/\/www.caririemacao.com\/1\/wp-json\/wp\/v2\/posts"}],"about":[{"href":"https:\/\/www.caririemacao.com\/1\/wp-json\/wp\/v2\/types\/post"}],"author":[{"embeddable":true,"href":"https:\/\/www.caririemacao.com\/1\/wp-json\/wp\/v2\/users\/1"}],"replies":[{"embeddable":true,"href":"https:\/\/www.caririemacao.com\/1\/wp-json\/wp\/v2\/comments?post=75361"}],"version-history":[{"count":3,"href":"https:\/\/www.caririemacao.com\/1\/wp-json\/wp\/v2\/posts\/75361\/revisions"}],"predecessor-version":[{"id":75374,"href":"https:\/\/www.caririemacao.com\/1\/wp-json\/wp\/v2\/posts\/75361\/revisions\/75374"}],"wp:attachment":[{"href":"https:\/\/www.caririemacao.com\/1\/wp-json\/wp\/v2\/media?parent=75361"}],"wp:term":[{"taxonomy":"category","embeddable":true,"href":"https:\/\/www.caririemacao.com\/1\/wp-json\/wp\/v2\/categories?post=75361"},{"taxonomy":"post_tag","embeddable":true,"href":"https:\/\/www.caririemacao.com\/1\/wp-json\/wp\/v2\/tags?post=75361"}],"curies":[{"name":"wp","href":"https:\/\/api.w.org\/{rel}","templated":true}]}}