{"id":75377,"date":"2018-12-04T16:08:29","date_gmt":"2018-12-04T19:08:29","guid":{"rendered":"http:\/\/www.caririemacao.com\/1\/?p=75377"},"modified":"2018-12-04T16:08:29","modified_gmt":"2018-12-04T19:08:29","slug":"defesa-de-lula-alega-suspeicao-de-moro-e-pede-anulacao-da-condenacao","status":"publish","type":"post","link":"https:\/\/www.caririemacao.com\/1\/2018\/12\/04\/defesa-de-lula-alega-suspeicao-de-moro-e-pede-anulacao-da-condenacao\/","title":{"rendered":"Defesa de Lula alega suspei\u00e7\u00e3o de Moro e pede anula\u00e7\u00e3o da condena\u00e7\u00e3o"},"content":{"rendered":"<p>A defesa do ex-presidente Luiz In\u00e1cio Lula da Silva alegou <span id=\"OBJ_PREFIX_DWT183_com_zimbra_date\" role=\"link\">hoje<\/span> (4), \u00a0na <span id=\"OBJ_PREFIX_DWT184_com_zimbra_date\" role=\"link\">Segunda<\/span> Turma do Supremo Tribunal Federal (STF), suspei\u00e7\u00e3o do ex-juiz Sergio Moro e pediu anula\u00e7\u00e3o da condena\u00e7\u00e3o no caso do tr\u00edplex do Guaruj\u00e1 (SP). O colegiado julga nesta tarde mais um pedido de <em>habeas corpus<\/em> do ex-presidente.<\/p>\n<p>De acordo com o advogado Cristiano Zanin, representante de Lula,\u00a0 o ex-presidente foi processado, condenado e preso sem que <span id=\"OBJ_PREFIX_DWT185_com_zimbra_date\" role=\"link\">tivesse<\/span> direito a um &#8220;processo justo&#8221;. Para Zanin, Moro foi parcial na condu\u00e7\u00e3o do processo do tr\u00edplex.<\/p>\n<p>&#8216;&#8221;Ele [Lula] foi julgado por algu\u00e9m que, ao longo do tempo, mostrou <span id=\"OBJ_PREFIX_DWT186_com_zimbra_date\" role=\"link\">ter<\/span> a convic\u00e7\u00e3o de que a culpa era preestabelecida. Cada decis\u00e3o que mencionei mostra que o paciente [Lula] jamais teve hip\u00f3tese de ser absolvido&#8221;, disse o advogado.<\/p>\n<p>No pedido de\u00a0<em>habeas corpus<\/em>, os advogados de Lula argumentam que a indica\u00e7\u00e3o do ex-juiz federal Sergio Moro para o Minist\u00e9rio da Justi\u00e7a no governo do presidente eleito Jair Bolsonaro demonstra parcialidade do ex-magistrado e tamb\u00e9m que ele agiu \u201cpoliticamente\u201d. Moro assumir\u00e1 o comando da pasta\u00a0em janeiro e renunciou ao cargo na magistratura.<\/p>\n<p>Lula est\u00e1 preso desde <span id=\"OBJ_PREFIX_DWT187_com_zimbra_date\" role=\"link\">7 de abril<\/span> na Superintend\u00eancia da Pol\u00edcia Federal em Curitiba, ap\u00f3s <span id=\"OBJ_PREFIX_DWT188_com_zimbra_date\" role=\"link\">ter<\/span> sua condena\u00e7\u00e3o no caso confirmada pelo Tribunal Regional Federal 4\u00aa Regi\u00e3o (TRF4), que imp\u00f4s pena de 12 anos e um m\u00eas de pris\u00e3o ao ex-presidente, pelos crimes de corrup\u00e7\u00e3o passiva e lavagem de dinheiro.<\/p>\n<p>Sergio Moro nega qualquer irregularidade em sua conduta e diz que a decis\u00e3o de participar do futuro governo ocorreu depois de medidas tomadas por ele contra o ex-presidente.<\/p>\n<p>&nbsp;<\/p>\n<p>EBC<\/p>\n","protected":false},"excerpt":{"rendered":"<p>A defesa do ex-presidente Luiz In\u00e1cio Lula da Silva alegou hoje (4), \u00a0na Segunda Turma do Supremo Tribunal Federal (STF), suspei\u00e7\u00e3o do ex-juiz Sergio Moro&hellip; <\/p>\n","protected":false},"author":1,"featured_media":65148,"comment_status":"closed","ping_status":"closed","sticky":false,"template":"","format":"standard","meta":{"sfsi_plus_gutenberg_text_before_share":"","sfsi_plus_gutenberg_show_text_before_share":"","sfsi_plus_gutenberg_icon_type":"","sfsi_plus_gutenberg_icon_alignemt":"","sfsi_plus_gutenburg_max_per_row":"","footnotes":""},"categories":[11],"tags":[],"class_list":["post-75377","post","type-post","status-publish","format-standard","has-post-thumbnail","hentry","category-politica"],"_links":{"self":[{"href":"https:\/\/www.caririemacao.com\/1\/wp-json\/wp\/v2\/posts\/75377","targetHints":{"allow":["GET"]}}],"collection":[{"href":"https:\/\/www.caririemacao.com\/1\/wp-json\/wp\/v2\/posts"}],"about":[{"href":"https:\/\/www.caririemacao.com\/1\/wp-json\/wp\/v2\/types\/post"}],"author":[{"embeddable":true,"href":"https:\/\/www.caririemacao.com\/1\/wp-json\/wp\/v2\/users\/1"}],"replies":[{"embeddable":true,"href":"https:\/\/www.caririemacao.com\/1\/wp-json\/wp\/v2\/comments?post=75377"}],"version-history":[{"count":1,"href":"https:\/\/www.caririemacao.com\/1\/wp-json\/wp\/v2\/posts\/75377\/revisions"}],"predecessor-version":[{"id":75384,"href":"https:\/\/www.caririemacao.com\/1\/wp-json\/wp\/v2\/posts\/75377\/revisions\/75384"}],"wp:featuredmedia":[{"embeddable":true,"href":"https:\/\/www.caririemacao.com\/1\/wp-json\/wp\/v2\/media\/65148"}],"wp:attachment":[{"href":"https:\/\/www.caririemacao.com\/1\/wp-json\/wp\/v2\/media?parent=75377"}],"wp:term":[{"taxonomy":"category","embeddable":true,"href":"https:\/\/www.caririemacao.com\/1\/wp-json\/wp\/v2\/categories?post=75377"},{"taxonomy":"post_tag","embeddable":true,"href":"https:\/\/www.caririemacao.com\/1\/wp-json\/wp\/v2\/tags?post=75377"}],"curies":[{"name":"wp","href":"https:\/\/api.w.org\/{rel}","templated":true}]}}