{"id":75386,"date":"2018-12-04T20:04:29","date_gmt":"2018-12-04T23:04:29","guid":{"rendered":"http:\/\/www.caririemacao.com\/1\/?p=75386"},"modified":"2018-12-04T20:12:31","modified_gmt":"2018-12-04T23:12:31","slug":"luto-morre-ex-prefeito-da-prata","status":"publish","type":"post","link":"https:\/\/www.caririemacao.com\/1\/2018\/12\/04\/luto-morre-ex-prefeito-da-prata\/","title":{"rendered":"LUTO: Morre ex-prefeito da Prata"},"content":{"rendered":"<p>Faleceu na tarde desta ter\u00e7a-feira, dia 04, na capital Bras\u00edlia, o primeiro prefeito da cidade de Prata, Cariri Paraibano, o senhor Jos\u00e9 Ferreira Ramos.<\/p>\n<p><img fetchpriority=\"high\" decoding=\"async\" class=\"aligncenter wp-image-75389 size-large\" src=\"http:\/\/www.caririemacao.com\/1\/wp-content\/uploads\/2018\/12\/47369623_1915816045204201_8481836406962913280_o-1024x633.jpg\" alt=\"\" width=\"800\" height=\"495\" srcset=\"https:\/\/www.caririemacao.com\/1\/wp-content\/uploads\/2018\/12\/47369623_1915816045204201_8481836406962913280_o-1024x633.jpg 1024w, https:\/\/www.caririemacao.com\/1\/wp-content\/uploads\/2018\/12\/47369623_1915816045204201_8481836406962913280_o-300x185.jpg 300w, https:\/\/www.caririemacao.com\/1\/wp-content\/uploads\/2018\/12\/47369623_1915816045204201_8481836406962913280_o-768x475.jpg 768w, https:\/\/www.caririemacao.com\/1\/wp-content\/uploads\/2018\/12\/47369623_1915816045204201_8481836406962913280_o.jpg 1264w\" sizes=\"(max-width: 800px) 100vw, 800px\" \/><\/p>\n<p>Ele estava com 83 anos e atualmente estava morando em Bras\u00edlia. Ele deixou 04 filhos (Jacquelline, Christiano, Luciano e Ricardo). A causa da morte foi insufici\u00eancia cardiaca e insuficiencia respirat\u00f3ria cr\u00f4nica.<\/p>\n<p>Segundo sua filha Jacqueline Souza Ramos, o vel\u00f3rio ser\u00e1 na Capela Especial 6, a partir das 14:00 horas, no cemit\u00e9rio Campo da Esperan\u00e7a em Brasilia\/DF.<\/p>\n<p>Abaixo, imagens de quando ele tomou posse como prefeit. A imagem mais recente \u00e9 Jos\u00e9 Ferreira Ramos e sua esposa, filha de Edson de Ouro Velho.<\/p>\n<p><img decoding=\"async\" class=\"aligncenter wp-image-75388 size-large lazyload\" data-src=\"http:\/\/www.caririemacao.com\/1\/wp-content\/uploads\/2018\/12\/47345743_1915815828537556_4196618922948034560_o-1024x667.jpg\" alt=\"\" width=\"800\" height=\"521\" data-srcset=\"https:\/\/www.caririemacao.com\/1\/wp-content\/uploads\/2018\/12\/47345743_1915815828537556_4196618922948034560_o-1024x667.jpg 1024w, https:\/\/www.caririemacao.com\/1\/wp-content\/uploads\/2018\/12\/47345743_1915815828537556_4196618922948034560_o-300x195.jpg 300w, https:\/\/www.caririemacao.com\/1\/wp-content\/uploads\/2018\/12\/47345743_1915815828537556_4196618922948034560_o-768x500.jpg 768w, https:\/\/www.caririemacao.com\/1\/wp-content\/uploads\/2018\/12\/47345743_1915815828537556_4196618922948034560_o.jpg 1280w\" data-sizes=\"(max-width: 800px) 100vw, 800px\" src=\"data:image\/svg+xml;base64,PHN2ZyB3aWR0aD0iMSIgaGVpZ2h0PSIxIiB4bWxucz0iaHR0cDovL3d3dy53My5vcmcvMjAwMC9zdmciPjwvc3ZnPg==\" style=\"--smush-placeholder-width: 800px; --smush-placeholder-aspect-ratio: 800\/521;\" \/><\/p>\n<p><img decoding=\"async\" class=\"aligncenter wp-image-75387 size-large lazyload\" data-src=\"http:\/\/www.caririemacao.com\/1\/wp-content\/uploads\/2018\/12\/47571715_1915815898537549_2935699409121312768_o-1024x683.jpg\" alt=\"\" width=\"800\" height=\"534\" data-srcset=\"https:\/\/www.caririemacao.com\/1\/wp-content\/uploads\/2018\/12\/47571715_1915815898537549_2935699409121312768_o-1024x683.jpg 1024w, https:\/\/www.caririemacao.com\/1\/wp-content\/uploads\/2018\/12\/47571715_1915815898537549_2935699409121312768_o-300x200.jpg 300w, https:\/\/www.caririemacao.com\/1\/wp-content\/uploads\/2018\/12\/47571715_1915815898537549_2935699409121312768_o-768x512.jpg 768w, https:\/\/www.caririemacao.com\/1\/wp-content\/uploads\/2018\/12\/47571715_1915815898537549_2935699409121312768_o.jpg 1197w\" data-sizes=\"(max-width: 800px) 100vw, 800px\" src=\"data:image\/svg+xml;base64,PHN2ZyB3aWR0aD0iMSIgaGVpZ2h0PSIxIiB4bWxucz0iaHR0cDovL3d3dy53My5vcmcvMjAwMC9zdmciPjwvc3ZnPg==\" style=\"--smush-placeholder-width: 800px; --smush-placeholder-aspect-ratio: 800\/534;\" \/><\/p>\n<p>Reda\u00e7\u00e3o Cariri em A\u00e7\u00e3o com Andr\u00e9 Luiz e L\u00e1zaro Ara\u00fajo<\/p>\n","protected":false},"excerpt":{"rendered":"<p>Faleceu na tarde desta ter\u00e7a-feira, dia 04, na capital Bras\u00edlia, o primeiro prefeito da cidade de Prata, Cariri Paraibano, o senhor Jos\u00e9 Ferreira Ramos. Ele&hellip; <\/p>\n","protected":false},"author":2,"featured_media":75390,"comment_status":"closed","ping_status":"closed","sticky":false,"template":"","format":"standard","meta":{"sfsi_plus_gutenberg_text_before_share":"","sfsi_plus_gutenberg_show_text_before_share":"","sfsi_plus_gutenberg_icon_type":"","sfsi_plus_gutenberg_icon_alignemt":"","sfsi_plus_gutenburg_max_per_row":"","footnotes":""},"categories":[50,2],"tags":[],"class_list":["post-75386","post","type-post","status-publish","format-standard","has-post-thumbnail","hentry","category-destaque","category-geral"],"_links":{"self":[{"href":"https:\/\/www.caririemacao.com\/1\/wp-json\/wp\/v2\/posts\/75386","targetHints":{"allow":["GET"]}}],"collection":[{"href":"https:\/\/www.caririemacao.com\/1\/wp-json\/wp\/v2\/posts"}],"about":[{"href":"https:\/\/www.caririemacao.com\/1\/wp-json\/wp\/v2\/types\/post"}],"author":[{"embeddable":true,"href":"https:\/\/www.caririemacao.com\/1\/wp-json\/wp\/v2\/users\/2"}],"replies":[{"embeddable":true,"href":"https:\/\/www.caririemacao.com\/1\/wp-json\/wp\/v2\/comments?post=75386"}],"version-history":[{"count":3,"href":"https:\/\/www.caririemacao.com\/1\/wp-json\/wp\/v2\/posts\/75386\/revisions"}],"predecessor-version":[{"id":75393,"href":"https:\/\/www.caririemacao.com\/1\/wp-json\/wp\/v2\/posts\/75386\/revisions\/75393"}],"wp:featuredmedia":[{"embeddable":true,"href":"https:\/\/www.caririemacao.com\/1\/wp-json\/wp\/v2\/media\/75390"}],"wp:attachment":[{"href":"https:\/\/www.caririemacao.com\/1\/wp-json\/wp\/v2\/media?parent=75386"}],"wp:term":[{"taxonomy":"category","embeddable":true,"href":"https:\/\/www.caririemacao.com\/1\/wp-json\/wp\/v2\/categories?post=75386"},{"taxonomy":"post_tag","embeddable":true,"href":"https:\/\/www.caririemacao.com\/1\/wp-json\/wp\/v2\/tags?post=75386"}],"curies":[{"name":"wp","href":"https:\/\/api.w.org\/{rel}","templated":true}]}}