{"id":75394,"date":"2018-12-04T20:38:45","date_gmt":"2018-12-04T23:38:45","guid":{"rendered":"http:\/\/www.caririemacao.com\/1\/?p=75394"},"modified":"2018-12-04T20:38:45","modified_gmt":"2018-12-04T23:38:45","slug":"prefeitura-de-monteiro-anistia-juros-e-multas-de-debito-como-iptu-e-outros-impostos","status":"publish","type":"post","link":"https:\/\/www.caririemacao.com\/1\/2018\/12\/04\/prefeitura-de-monteiro-anistia-juros-e-multas-de-debito-como-iptu-e-outros-impostos\/","title":{"rendered":"Prefeitura de Monteiro anistia juros e multas de d\u00e9bito como Iptu e outros impostos"},"content":{"rendered":"<p><img fetchpriority=\"high\" decoding=\"async\" class=\"size-medium wp-image-12201 alignleft\" src=\"http:\/\/www.vitrinedocariri.com.br\/wp-content\/uploads\/2018\/04\/prefeitura-monteiro-red-300x200.jpg\" alt=\"\" width=\"300\" height=\"200\" \/>Atrav\u00e9s da Lei Municipal n\u00ba 1.931\/2017, aprovada pela C\u00e2mara Municipal de Vereadores e sancionada pela prefeita Anna Lorena no \u00faltimo dia 1\u00ba de dezembro, os contribuintes v\u00e3o poder quitar suas d\u00edvidas com o munic\u00edpio e obter desconto de 100% nos juros e multas.<\/p>\n<p>Os contribuintes que tiverem d\u00e9bitos de tributos municipais, pre\u00e7os e tarifas p\u00fablicas, como IPTU, ISS, Taxas e Servi\u00e7os inscritos ou n\u00e3o na d\u00edvida ativa, poder\u00e3o atrav\u00e9s de requerimento quitar todas as d\u00edvidas por meio de parcela \u00fanica com o benef\u00edcio da isen\u00e7\u00e3o das multas se estas forem protocoladas at\u00e9 o prazo de 26 de dezembro de 2018.<\/p>\n<p>O pagamento deve ser feito at\u00e9 o dia 28 de dezembro, transcorrido este tempo o d\u00e9bito retornar\u00e1 ao valor inicial sendo a d\u00edvida protestada e o contribuinte ser\u00e1 inclu\u00eddo nas listas dos \u00f3rg\u00e3os protetores de cr\u00e9dito como SPC e SERASA.<\/p>\n<p>Os interessados em usufruir do benef\u00edcio devem se dirigir ao Setor de Tributos da Prefeitura Municipal que fica localizado no 1\u00ba andar do de onde funciona a ag\u00eancia do Banco do Brasil e l\u00e1 preencher o protocolo.<\/p>\n<p>&nbsp;<\/p>\n<p>Ascom\/Monteiro<\/p>\n","protected":false},"excerpt":{"rendered":"<p>Atrav\u00e9s da Lei Municipal n\u00ba 1.931\/2017, aprovada pela C\u00e2mara Municipal de Vereadores e sancionada pela prefeita Anna Lorena no \u00faltimo dia 1\u00ba de dezembro, os&hellip; <\/p>\n","protected":false},"author":1,"featured_media":69727,"comment_status":"closed","ping_status":"closed","sticky":false,"template":"","format":"standard","meta":{"sfsi_plus_gutenberg_text_before_share":"","sfsi_plus_gutenberg_show_text_before_share":"","sfsi_plus_gutenberg_icon_type":"","sfsi_plus_gutenberg_icon_alignemt":"","sfsi_plus_gutenburg_max_per_row":"","footnotes":""},"categories":[6],"tags":[],"class_list":["post-75394","post","type-post","status-publish","format-standard","has-post-thumbnail","hentry","category-cidades"],"_links":{"self":[{"href":"https:\/\/www.caririemacao.com\/1\/wp-json\/wp\/v2\/posts\/75394","targetHints":{"allow":["GET"]}}],"collection":[{"href":"https:\/\/www.caririemacao.com\/1\/wp-json\/wp\/v2\/posts"}],"about":[{"href":"https:\/\/www.caririemacao.com\/1\/wp-json\/wp\/v2\/types\/post"}],"author":[{"embeddable":true,"href":"https:\/\/www.caririemacao.com\/1\/wp-json\/wp\/v2\/users\/1"}],"replies":[{"embeddable":true,"href":"https:\/\/www.caririemacao.com\/1\/wp-json\/wp\/v2\/comments?post=75394"}],"version-history":[{"count":1,"href":"https:\/\/www.caririemacao.com\/1\/wp-json\/wp\/v2\/posts\/75394\/revisions"}],"predecessor-version":[{"id":75395,"href":"https:\/\/www.caririemacao.com\/1\/wp-json\/wp\/v2\/posts\/75394\/revisions\/75395"}],"wp:featuredmedia":[{"embeddable":true,"href":"https:\/\/www.caririemacao.com\/1\/wp-json\/wp\/v2\/media\/69727"}],"wp:attachment":[{"href":"https:\/\/www.caririemacao.com\/1\/wp-json\/wp\/v2\/media?parent=75394"}],"wp:term":[{"taxonomy":"category","embeddable":true,"href":"https:\/\/www.caririemacao.com\/1\/wp-json\/wp\/v2\/categories?post=75394"},{"taxonomy":"post_tag","embeddable":true,"href":"https:\/\/www.caririemacao.com\/1\/wp-json\/wp\/v2\/tags?post=75394"}],"curies":[{"name":"wp","href":"https:\/\/api.w.org\/{rel}","templated":true}]}}