{"id":75396,"date":"2018-12-04T20:41:35","date_gmt":"2018-12-04T23:41:35","guid":{"rendered":"http:\/\/www.caririemacao.com\/1\/?p=75396"},"modified":"2018-12-04T20:41:35","modified_gmt":"2018-12-04T23:41:35","slug":"seminario-escola-da-terra-acontece-no-cdsa-comeca-nesta-quarta-e-segue-ate-a-sexta","status":"publish","type":"post","link":"https:\/\/www.caririemacao.com\/1\/2018\/12\/04\/seminario-escola-da-terra-acontece-no-cdsa-comeca-nesta-quarta-e-segue-ate-a-sexta\/","title":{"rendered":"Semin\u00e1rio Escola da Terra acontece no CDSA come\u00e7a nesta quarta e segue at\u00e9 a sexta"},"content":{"rendered":"<p>Ser\u00e1 realizado no Centro de Desenvolvimento Sustent\u00e1vel do Semi\u00e1rido da UFCG nestes dias 5, 6 e 7 de dezembro, no audit\u00f3rio do campus, o Semin\u00e1rio Escola da Terra \u2013 UFCG, referente a finaliza\u00e7\u00e3o do \u201cI Curso de Aprofundamento em Educa\u00e7\u00e3o Contextualizada para as turmas Multisseriadas do Semi\u00e1rido\u201d, curso realizado numa parceria entre UFCG e SECADI\/MEC para o professorado e coordena\u00e7\u00e3o pedag\u00f3gica das escolas e turmas multisseriadas do Campo.<\/p>\n<p>O Semin\u00e1rio ter\u00e1 como objetivos refletir sobre as Escolas\/turmas multisseriadas no contexto brasileiro e na Educa\u00e7\u00e3o do Campo, discutir sobre as pr\u00e1ticas desenvolvidas pelo Programa Escola da Terra, socializar os projetos de interviv\u00eancia nas turmas multisseriadas pelos cursistas do Programa,\u00a0realizar a conclus\u00e3o do curso da primeira turma da Escola da Terra da Para\u00edba e, avaliar e definir estrat\u00e9gias para a continuidade do Programa no Estado.<\/p>\n<p>Na primeira fase, o Escola da Terra trabalhou com 11 munic\u00edpios do Cariri paraibano: Camalau, Cara\u00fabas, Livramento, Monteiro, Parari, Prata, Serra Branca, S\u00e3o Jo\u00e3o do Tigre, S\u00e3o Jo\u00e3o do Cariri, S\u00e3o Jos\u00e9 dos Cordeiros e Sum\u00e9.<\/p>\n<p>\u201cEste momento assume uma import\u00e2ncia para o debate da Educa\u00e7\u00e3o do Campo, principalmente, por se tratar de uma pol\u00edtica p\u00fablica resultado da luta dos movimentos sociais campesinos, que instigados pelos desafios presentes nas Escolas\/turmas multisseriadas do campo, propuseram dentro do Pronacampo uma a\u00e7\u00e3o espec\u00edfica para estas Escolas e seu professorado\u201d, detalha a coordena\u00e7\u00e3o do evento.<\/p>\n<p>A programa\u00e7\u00e3o ter\u00e1 in\u00edcio \u00e0s 14h com uma m\u00edstica e em seguida ter\u00e1 a mesa de abertura (14h30min) sobre o tema Panorama das escolas multisseriadas no Brasil e no mundo, tendo como palestrante o professor F\u00e1bio Josu\u00e9 Santos (UFRB), sob coordena\u00e7\u00e3o do professor Fabiano Cust\u00f3dio (UFCG\/CDSA).<\/p>\n<p>Veja a programa\u00e7\u00e3o completa\u00a0<a href=\"http:\/\/www.cdsa.ufcg.edu.br\/cdsa\/phocadownload\/Seminario-Escola-da-Terra-Paraiba.pdf\" target=\"_blank\" rel=\"noopener noreferrer\">aqui<\/a>.<\/p>\n","protected":false},"excerpt":{"rendered":"<p>Ser\u00e1 realizado no Centro de Desenvolvimento Sustent\u00e1vel do Semi\u00e1rido da UFCG nestes dias 5, 6 e 7 de dezembro, no audit\u00f3rio do campus, o Semin\u00e1rio&hellip; <\/p>\n","protected":false},"author":1,"featured_media":39552,"comment_status":"closed","ping_status":"closed","sticky":false,"template":"","format":"standard","meta":{"sfsi_plus_gutenberg_text_before_share":"","sfsi_plus_gutenberg_show_text_before_share":"","sfsi_plus_gutenberg_icon_type":"","sfsi_plus_gutenberg_icon_alignemt":"","sfsi_plus_gutenburg_max_per_row":"","footnotes":""},"categories":[14],"tags":[],"class_list":["post-75396","post","type-post","status-publish","format-standard","has-post-thumbnail","hentry","category-educacao"],"_links":{"self":[{"href":"https:\/\/www.caririemacao.com\/1\/wp-json\/wp\/v2\/posts\/75396","targetHints":{"allow":["GET"]}}],"collection":[{"href":"https:\/\/www.caririemacao.com\/1\/wp-json\/wp\/v2\/posts"}],"about":[{"href":"https:\/\/www.caririemacao.com\/1\/wp-json\/wp\/v2\/types\/post"}],"author":[{"embeddable":true,"href":"https:\/\/www.caririemacao.com\/1\/wp-json\/wp\/v2\/users\/1"}],"replies":[{"embeddable":true,"href":"https:\/\/www.caririemacao.com\/1\/wp-json\/wp\/v2\/comments?post=75396"}],"version-history":[{"count":1,"href":"https:\/\/www.caririemacao.com\/1\/wp-json\/wp\/v2\/posts\/75396\/revisions"}],"predecessor-version":[{"id":75399,"href":"https:\/\/www.caririemacao.com\/1\/wp-json\/wp\/v2\/posts\/75396\/revisions\/75399"}],"wp:featuredmedia":[{"embeddable":true,"href":"https:\/\/www.caririemacao.com\/1\/wp-json\/wp\/v2\/media\/39552"}],"wp:attachment":[{"href":"https:\/\/www.caririemacao.com\/1\/wp-json\/wp\/v2\/media?parent=75396"}],"wp:term":[{"taxonomy":"category","embeddable":true,"href":"https:\/\/www.caririemacao.com\/1\/wp-json\/wp\/v2\/categories?post=75396"},{"taxonomy":"post_tag","embeddable":true,"href":"https:\/\/www.caririemacao.com\/1\/wp-json\/wp\/v2\/tags?post=75396"}],"curies":[{"name":"wp","href":"https:\/\/api.w.org\/{rel}","templated":true}]}}