{"id":75402,"date":"2018-12-04T20:53:17","date_gmt":"2018-12-04T23:53:17","guid":{"rendered":"http:\/\/www.caririemacao.com\/1\/?p=75402"},"modified":"2018-12-04T20:53:17","modified_gmt":"2018-12-04T23:53:17","slug":"reforma-da-previdencia-podera-ser-fatiada-diz-bolsonaro","status":"publish","type":"post","link":"https:\/\/www.caririemacao.com\/1\/2018\/12\/04\/reforma-da-previdencia-podera-ser-fatiada-diz-bolsonaro\/","title":{"rendered":"Reforma da Previd\u00eancia poder\u00e1 ser fatiada, diz Bolsonaro"},"content":{"rendered":"<p>O presidente eleito, Jair Bolsonaro, afirmou hoje (4), em Bras\u00edlia, que a reforma da Previd\u00eancia em seu governo poder\u00e1 ser aprovada em diferentes fases. Segundo ele, h\u00e1 uma &#8220;forte tend\u00eancia&#8221; de come\u00e7ar a vota\u00e7\u00e3o pela idade m\u00ednima. &#8220;\u00c9 menos dificil de aprovar&#8221;, afirmou.<\/p>\n<p>&#8220;N\u00e3o adianta voc\u00ea ter uma proposta ideal que vai ficar na C\u00e2mara ou no Senado. Acho que o preju\u00edzo ser\u00e1 muito grande. Ent\u00e3o, a ideia \u00e9 por a\u00ed, come\u00e7ar pela idade, atacar os privil\u00e9gios e tocar essa pauta pra frente. [O d\u00e9ficit da] previd\u00eancia realmente \u00e9 uma realidade. Cresce ano ap\u00f3s ano, e n\u00e3o podemos deixar o Brasil chegar a uma situa\u00e7\u00e3o como a da Gr\u00e9cia para tomar provid\u00eancia&#8221;, disse.<\/p>\n<p>Ele falou que dever\u00e1 manter a proposta do atual governo, que \u00e9 a de uma idade m\u00ednima para a aposentadoria de 65 anos para homens e 62 anos para mulheres.<br \/>\nReforma trabalhista<\/p>\n<p>Bolsonaro tamb\u00e9m falou da possibilidade de aprofundar a reforma trabalhista, aprovada em 2016, que flexibilizou direitos previstos na Consolida\u00e7\u00e3o da Leis do Trabalho (CLT). Ele disse que sua equipe ainda estuda o que mais poderia ser modificado.<\/p>\n<p>&#8220;N\u00e3o quero entrar em detalhes, estamos estudando. Agora, n\u00e3o basta voc\u00ea ter s\u00f3 direitos e n\u00e3o ter emprego, esse \u00e9 o grande problema que existe. (&#8230;) Alguns falam at\u00e9 que poder\u00edamos nos aproximar da legisla\u00e7\u00e3o trabalhista que existe em outros pa\u00edses, como os Estados Unidos, acho que \u00e9 aprofundar demais, mas a pr\u00f3pria reforma trabalhista, a \u00faltima que eu votei favor\u00e1vel, j\u00e1 tivemos algum reflexo positivo: o n\u00famero de a\u00e7\u00f5es trabalhistas praticamente diminuiu \u00e0 metade. E hoje em dia continua sendo muito dificil ser patr\u00e3o no Brasil, n\u00e3o h\u00e1 d\u00favida&#8221;, afirmou.<br \/>\nMinist\u00e9rio do Trabalho<\/p>\n<p>O presidente eleito disse ainda que a extin\u00e7\u00e3o do Minist\u00e9rio do Trabalho e redistribui\u00e7\u00e3o de suas atribui\u00e7\u00f5es entre outras tr\u00eas pastas, no seu governo, n\u00e3o vai prejudicar os trabalhadores.<\/p>\n<p>&#8220;Essa pasta do Trabalho s\u00e3o de recorda\u00e7\u00f5es que n\u00e3o fazem bem \u00e0 sociedade, ali funcionava como um sindicato do trabalho e n\u00e3o como Minist\u00e9rio do Trabalho. Nenhum trabalhador vai perder seus direitos, at\u00e9 porque todos est\u00e3o garantidos no Artigo 7 da Constitui\u00e7\u00e3o&#8221;, afirmou.<\/p>\n<p>&nbsp;<\/p>\n<p>Ag\u00eancia Brasil<\/p>\n","protected":false},"excerpt":{"rendered":"<p>O presidente eleito, Jair Bolsonaro, afirmou hoje (4), em Bras\u00edlia, que a reforma da Previd\u00eancia em seu governo poder\u00e1 ser aprovada em diferentes fases. Segundo&hellip; <\/p>\n","protected":false},"author":1,"featured_media":72536,"comment_status":"closed","ping_status":"closed","sticky":false,"template":"","format":"standard","meta":{"sfsi_plus_gutenberg_text_before_share":"","sfsi_plus_gutenberg_show_text_before_share":"","sfsi_plus_gutenberg_icon_type":"","sfsi_plus_gutenberg_icon_alignemt":"","sfsi_plus_gutenburg_max_per_row":"","footnotes":""},"categories":[11],"tags":[],"class_list":["post-75402","post","type-post","status-publish","format-standard","has-post-thumbnail","hentry","category-politica"],"_links":{"self":[{"href":"https:\/\/www.caririemacao.com\/1\/wp-json\/wp\/v2\/posts\/75402","targetHints":{"allow":["GET"]}}],"collection":[{"href":"https:\/\/www.caririemacao.com\/1\/wp-json\/wp\/v2\/posts"}],"about":[{"href":"https:\/\/www.caririemacao.com\/1\/wp-json\/wp\/v2\/types\/post"}],"author":[{"embeddable":true,"href":"https:\/\/www.caririemacao.com\/1\/wp-json\/wp\/v2\/users\/1"}],"replies":[{"embeddable":true,"href":"https:\/\/www.caririemacao.com\/1\/wp-json\/wp\/v2\/comments?post=75402"}],"version-history":[{"count":1,"href":"https:\/\/www.caririemacao.com\/1\/wp-json\/wp\/v2\/posts\/75402\/revisions"}],"predecessor-version":[{"id":75403,"href":"https:\/\/www.caririemacao.com\/1\/wp-json\/wp\/v2\/posts\/75402\/revisions\/75403"}],"wp:featuredmedia":[{"embeddable":true,"href":"https:\/\/www.caririemacao.com\/1\/wp-json\/wp\/v2\/media\/72536"}],"wp:attachment":[{"href":"https:\/\/www.caririemacao.com\/1\/wp-json\/wp\/v2\/media?parent=75402"}],"wp:term":[{"taxonomy":"category","embeddable":true,"href":"https:\/\/www.caririemacao.com\/1\/wp-json\/wp\/v2\/categories?post=75402"},{"taxonomy":"post_tag","embeddable":true,"href":"https:\/\/www.caririemacao.com\/1\/wp-json\/wp\/v2\/tags?post=75402"}],"curies":[{"name":"wp","href":"https:\/\/api.w.org\/{rel}","templated":true}]}}