{"id":75404,"date":"2018-12-04T20:55:17","date_gmt":"2018-12-04T23:55:17","guid":{"rendered":"http:\/\/www.caririemacao.com\/1\/?p=75404"},"modified":"2018-12-04T20:55:17","modified_gmt":"2018-12-04T23:55:17","slug":"com-desistencias-200-vagas-do-mais-medicos-voltam-a-ser-abertas","status":"publish","type":"post","link":"https:\/\/www.caririemacao.com\/1\/2018\/12\/04\/com-desistencias-200-vagas-do-mais-medicos-voltam-a-ser-abertas\/","title":{"rendered":"Com desist\u00eancias, 200 vagas do Mais M\u00e9dicos voltam a ser abertas"},"content":{"rendered":"<p>Diante da desist\u00eancia de profissionais, 200 vagas que j\u00e1 haviam sido consideradas preenchidas voltam a ser oferecidas no edital do Programa Mais M\u00e9dicos. Os postos ser\u00e3o inclu\u00eddos a partir das 18 horas desta quarta-feira (5), informou o Minist\u00e9rio da Sa\u00fade.<\/p>\n<p>Os profissionais comunicaram aos munic\u00edpios que n\u00e3o v\u00e3o assumir os postos para os quais haviam mostrado interesse. De acordo com o Minist\u00e9rio da Sa\u00fade, o principal motivo alegado pelos m\u00e9dicos foi a incompatibilidade de hor\u00e1rio. Para participar do programa, \u00e9 exigida a dedica\u00e7\u00e3o de 40 horas semanais.<\/p>\n<p>Com essa carga hor\u00e1ria, no entanto, profissionais argumentam ser dif\u00edcil de exercer outras atividades, como plant\u00f5es em hospitais pr\u00f3ximos. Houve ainda profissionais que informaram o ingresso na Resid\u00eancia M\u00e9dica ou a oferta de um outro posto de trabalho.<\/p>\n<p>At\u00e9 18 horas desta ter\u00e7a, dos 34.653 inscritos no Mais M\u00e9dicos, 3.276 j\u00e1 haviam se apresentado ou iniciado as atividades no programa.<\/p>\n<p>Ao todo, foram abertos 8.332 postos de trabalho, em raz\u00e3o da sa\u00edda de m\u00e9dicos cubanos do programa. O rompimento foi anunciado no m\u00eas passado pelo governo cubano, depois de o presidente eleito Jair Bolsonaro anunciar a decis\u00e3o de mudar o formato do acordo de coopera\u00e7\u00e3o, em vigor desde 2013.<\/p>\n<p>Com o edital de reposi\u00e7\u00e3o, profissionais t\u00eam at\u00e9 o dia 14 para apresenta\u00e7\u00e3o nos munic\u00edpios. Em caso de necessidade, o Minist\u00e9rio da Sa\u00fade ir\u00e1 realizar novas chamadas at\u00e9 que complete o quadro de vagas do programa. Nesta primeira etapa, podem se candidatar apenas profissionais formados no Brasil.<\/p>\n<p>&nbsp;<\/p>\n<p>EBC<\/p>\n","protected":false},"excerpt":{"rendered":"<p>Diante da desist\u00eancia de profissionais, 200 vagas que j\u00e1 haviam sido consideradas preenchidas voltam a ser oferecidas no edital do Programa Mais M\u00e9dicos. Os postos&hellip; <\/p>\n","protected":false},"author":1,"featured_media":73850,"comment_status":"closed","ping_status":"closed","sticky":false,"template":"","format":"standard","meta":{"sfsi_plus_gutenberg_text_before_share":"","sfsi_plus_gutenberg_show_text_before_share":"","sfsi_plus_gutenberg_icon_type":"","sfsi_plus_gutenberg_icon_alignemt":"","sfsi_plus_gutenburg_max_per_row":"","footnotes":""},"categories":[2],"tags":[],"class_list":["post-75404","post","type-post","status-publish","format-standard","has-post-thumbnail","hentry","category-geral"],"_links":{"self":[{"href":"https:\/\/www.caririemacao.com\/1\/wp-json\/wp\/v2\/posts\/75404","targetHints":{"allow":["GET"]}}],"collection":[{"href":"https:\/\/www.caririemacao.com\/1\/wp-json\/wp\/v2\/posts"}],"about":[{"href":"https:\/\/www.caririemacao.com\/1\/wp-json\/wp\/v2\/types\/post"}],"author":[{"embeddable":true,"href":"https:\/\/www.caririemacao.com\/1\/wp-json\/wp\/v2\/users\/1"}],"replies":[{"embeddable":true,"href":"https:\/\/www.caririemacao.com\/1\/wp-json\/wp\/v2\/comments?post=75404"}],"version-history":[{"count":1,"href":"https:\/\/www.caririemacao.com\/1\/wp-json\/wp\/v2\/posts\/75404\/revisions"}],"predecessor-version":[{"id":75405,"href":"https:\/\/www.caririemacao.com\/1\/wp-json\/wp\/v2\/posts\/75404\/revisions\/75405"}],"wp:featuredmedia":[{"embeddable":true,"href":"https:\/\/www.caririemacao.com\/1\/wp-json\/wp\/v2\/media\/73850"}],"wp:attachment":[{"href":"https:\/\/www.caririemacao.com\/1\/wp-json\/wp\/v2\/media?parent=75404"}],"wp:term":[{"taxonomy":"category","embeddable":true,"href":"https:\/\/www.caririemacao.com\/1\/wp-json\/wp\/v2\/categories?post=75404"},{"taxonomy":"post_tag","embeddable":true,"href":"https:\/\/www.caririemacao.com\/1\/wp-json\/wp\/v2\/tags?post=75404"}],"curies":[{"name":"wp","href":"https:\/\/api.w.org\/{rel}","templated":true}]}}