{"id":75417,"date":"2018-12-04T22:16:16","date_gmt":"2018-12-05T01:16:16","guid":{"rendered":"http:\/\/www.caririemacao.com\/1\/?p=75417"},"modified":"2018-12-04T22:29:36","modified_gmt":"2018-12-05T01:29:36","slug":"em-monteiro-ricardo-entrega-reforma-e-acesso-ao-aerodromo-bloco-de-salas-da-uepb-e-outros-beneficios","status":"publish","type":"post","link":"https:\/\/www.caririemacao.com\/1\/2018\/12\/04\/em-monteiro-ricardo-entrega-reforma-e-acesso-ao-aerodromo-bloco-de-salas-da-uepb-e-outros-beneficios\/","title":{"rendered":"Em Monteiro: Ricardo entrega reforma e acesso ao aer\u00f3dromo, bloco de salas da UEPB e outros benef\u00edcios"},"content":{"rendered":"<p>O governador Ricardo Coutinho esteve, nesta ter\u00e7a-feira (4), no munic\u00edpio de Monteiro, onde entregou a reforma e o acesso ao aer\u00f3dromo da cidade, al\u00e9m de blocos de salas de aula, urbaniza\u00e7\u00e3o interna e implanta\u00e7\u00e3o da subesta\u00e7\u00e3o do Campus da Universidade Estadual da Para\u00edba (UEPB), cujas obras representam cerca de R$ 11 milh\u00f5es de investimento. Ele tamb\u00e9m fez a entrega da restaura\u00e7\u00e3o asf\u00e1ltica de ruas do munic\u00edpio; de um caminh\u00e3o frigor\u00edfico para a Cooperativa dos Pescadores do Cariri e a implanta\u00e7\u00e3o do sistema de energia solar da Cooperativa Capribom.<\/p>\n<p>Segundo o governador, atualmente na regi\u00e3o do Cariri h\u00e1 um sentimento de progresso, uma vez que no local houve grandes transforma\u00e7\u00f5es em diversas \u00e1reas, nos \u00faltimos oito anos. \u201cAqui encontramos uma forte agricultura familiar, hoje entregamos na \u00e1rea\u00a0<a href=\"http:\/\/static.paraiba.pb.gov.br\/2018\/12\/ricardo-inaugura-nova-UEPB-em-monteiro_foto-francisco-franca-17.jpg\"><img decoding=\"async\" class=\"alignright size-medium wp-image-152393 lazyload\" title=\"ricardo inaugura nova UEPB em monteiro_foto francisco franca (17)\" data-src=\"http:\/\/static.paraiba.pb.gov.br\/2018\/12\/ricardo-inaugura-nova-UEPB-em-monteiro_foto-francisco-franca-17-270x180.jpg\" alt=\"ricardo inaugura nova UEPB em monteiro_foto francisco franca (17)\" width=\"270\" height=\"180\" src=\"data:image\/svg+xml;base64,PHN2ZyB3aWR0aD0iMSIgaGVpZ2h0PSIxIiB4bWxucz0iaHR0cDovL3d3dy53My5vcmcvMjAwMC9zdmciPjwvc3ZnPg==\" style=\"--smush-placeholder-width: 270px; --smush-placeholder-aspect-ratio: 270\/180;\" \/><\/a>da educa\u00e7\u00e3o um outro Campus da UEPB, uma obra de R$ 10 milh\u00f5es feita com recursos pr\u00f3prios, h\u00e1 uma rede h\u00eddrica mais forte, muitas estradas foram feitas. \u00c9 sempre muito bom pensar naquilo que era antes e no que foi poss\u00edvel fazer pelo povo do Cariri. Esta regi\u00e3o deu um grande salto nos \u00faltimos anos\u201d, analisou Ricardo.<\/p>\n<p>A prefeita de Monteiro, Anna Lorena agradeceu por mais estas a\u00e7\u00f5es no munic\u00edpio e destacou que a parceria entre a Prefeitura e o Governo do Estado vem transformando a cidade. \u201c\u00c9 um prazer poder inaugurar estas obras ao lado do governador, porque sei o quanto elas s\u00e3o importantes para a cidade. Hoje temos este belo espa\u00e7o da UEPB para atender nossos estudantes, temos um aer\u00f3dromo renovado, tamb\u00e9m incentivos para os agricultores, pavimenta\u00e7\u00e3o de ruas. Enfim, s\u00e3o muitas a\u00e7\u00f5es importantes para a vida dos cidad\u00e3os de Monteiro\u201d, ressaltou.<\/p>\n<p><a href=\"http:\/\/static.paraiba.pb.gov.br\/2018\/12\/ricardo-inaugura-energia-solar-em-monteiro_foto-francisco-franca-2.jpg\"><img fetchpriority=\"high\" decoding=\"async\" class=\"alignleft size-medium wp-image-152394\" title=\"ricardo inaugura energia solar em monteiro_foto francisco franca (2)\" src=\"http:\/\/static.paraiba.pb.gov.br\/2018\/12\/ricardo-inaugura-energia-solar-em-monteiro_foto-francisco-franca-2-270x191.jpg\" alt=\"ricardo inaugura energia solar em monteiro_foto francisco franca (2)\" width=\"270\" height=\"191\" \/><\/a>O superintendente do Departamento de Estradas de Rodagem (DER), Carlos Pereira, destacou que o Governo do Estado modificou a realidade das estradas do Cariri e da Para\u00edba. \u201cHoje o Cariri tem estradas por todos os lados, tiramos as cidades paraibanas do isolamento, implantamos cerca de 2.700 km de estradas e hoje entregamos as obras do aer\u00f3dromo e de pavimenta\u00e7\u00e3o de algumas ruas de Monteiro. Esse Governo tem compromisso com a popula\u00e7\u00e3o e trabalha muito para melhorar a vida do povo\u201d, disse.<\/p>\n<p>Para o vice-reitor da UEPB, Fl\u00e1vio Romero, a entrega do novo pr\u00e9dio da UEPB \u00e9 uma obra de grande relev\u00e2ncia para Monteiro e para\u00a0<a href=\"http:\/\/static.paraiba.pb.gov.br\/2018\/12\/ricardo-inaugura-nova-UEPB-em-monteiro_foto-francisco-franca-10.jpg\"><img decoding=\"async\" class=\"alignright size-medium wp-image-152395 lazyload\" title=\"ricardo inaugura nova UEPB em monteiro_foto francisco franca (10)\" data-src=\"http:\/\/static.paraiba.pb.gov.br\/2018\/12\/ricardo-inaugura-nova-UEPB-em-monteiro_foto-francisco-franca-10-270x191.jpg\" alt=\"ricardo inaugura nova UEPB em monteiro_foto francisco franca (10)\" width=\"270\" height=\"191\" src=\"data:image\/svg+xml;base64,PHN2ZyB3aWR0aD0iMSIgaGVpZ2h0PSIxIiB4bWxucz0iaHR0cDovL3d3dy53My5vcmcvMjAwMC9zdmciPjwvc3ZnPg==\" style=\"--smush-placeholder-width: 270px; --smush-placeholder-aspect-ratio: 270\/191;\" \/><\/a>o Cariri, por se tratar de um bem transformador da sociedade. \u201cHoje temos cerca de 20 mil estudantes pela Para\u00edba e esse ser\u00e1 mais um local que vai formar profissionais preparados para dar respostas \u00e0 realidade social. Nosso compromisso \u00e9 avan\u00e7ar e mostrar que podemos ser muito mais do que somos\u201d, frisou.<\/p>\n<p>O presidente da Capribom (Cooperativa dos Produtores Rurais de Monteiro), Fabr\u00edcio Ferreira, comentou que a aquisi\u00e7\u00e3o da energia solar vem ajudar na economia da conta de energia e, com esse benef\u00edcio, eles poder\u00e3o investir no aperfei\u00e7oamento da cooperativa. \u201cAgora que j\u00e1 est\u00e1 tudo instalado, esperamos ter um abatimento de 80% na conta de energia e com isso poderemos investir na aquisi\u00e7\u00e3o de caminh\u00e3o refrigerado para o transporte de produtos e tamb\u00e9m para diversificar nossa produ\u00e7\u00e3o, chegando a 15 produtos ofertados, como leite, queijo, iogurte e outros\u201d, falou.<\/p>\n<p><strong><a href=\"http:\/\/static.paraiba.pb.gov.br\/2018\/12\/ricardo-inaugura-aerodromo-de-monteiro_foto-francisco-franca-4.jpg\"><img decoding=\"async\" class=\"alignleft size-medium wp-image-152396 lazyload\" title=\"ricardo inaugura aerodromo de monteiro_foto francisco franca (4)\" data-src=\"http:\/\/static.paraiba.pb.gov.br\/2018\/12\/ricardo-inaugura-aerodromo-de-monteiro_foto-francisco-franca-4-270x183.jpg\" alt=\"ricardo inaugura aerodromo de monteiro_foto francisco franca (4)\" width=\"270\" height=\"183\" src=\"data:image\/svg+xml;base64,PHN2ZyB3aWR0aD0iMSIgaGVpZ2h0PSIxIiB4bWxucz0iaHR0cDovL3d3dy53My5vcmcvMjAwMC9zdmciPjwvc3ZnPg==\" style=\"--smush-placeholder-width: 270px; --smush-placeholder-aspect-ratio: 270\/183;\" \/><\/a>Aer\u00f3dromo<\/strong>\u00a0\u2013 Os servi\u00e7os consistiram na terraplenagem, re-execu\u00e7\u00e3o da camada de base, novo revestimento asf\u00e1ltico em CBUQ (Concreto Betuminoso Usinado a Quente), sistema de drenagem para \u00e1guas pluviais, reposi\u00e7\u00e3o da cerca de concreto para o limite da \u00e1rea patrimonial e sinaliza\u00e7\u00e3o horizontal e vertical. As melhorias realizadas no aer\u00f3dromo de Monteiro contemplam a popula\u00e7\u00e3o dos seguintes munic\u00edpios do Cariri: Amparo, Camala\u00fa, Congo, Coxixola, Monteiro, Ouro Velho, Prata, S\u00e3o Jo\u00e3o do Tigre, S\u00e3o Jos\u00e9 dos Cordeiros, S\u00e3o Sebasti\u00e3o do Umbuzeiro, Serra Branca, Sum\u00e9 e Zabel\u00ea.<\/p>\n<p><strong>Campus UEPB\u00a0<\/strong>\u2013O novo Campus em Monteiro beneficiar\u00e1 mais de 2 mil\u00a0 alunos. Na sua constru\u00e7\u00e3o \u2013 uma \u00e1rea de 4.465,00\u00a0m\u00b2 \u00a0\u2013 foram investidos R$ 9,2 milh\u00f5es, contemplando os seguintes ambientes: pavimento t\u00e9rreo \u2013 seis salas, sala de estudantes,\u00a0<a href=\"http:\/\/static.paraiba.pb.gov.br\/2018\/12\/ricardo-inaugura-nova-UEPB-em-monteiro_foto-francisco-franca-14.jpg\"><img decoding=\"async\" class=\"alignright size-medium wp-image-152397 lazyload\" title=\"ricardo inaugura nova UEPB em monteiro_foto francisco franca (14)\" data-src=\"http:\/\/static.paraiba.pb.gov.br\/2018\/12\/ricardo-inaugura-nova-UEPB-em-monteiro_foto-francisco-franca-14-270x191.jpg\" alt=\"ricardo inaugura nova UEPB em monteiro_foto francisco franca (14)\" width=\"270\" height=\"191\" src=\"data:image\/svg+xml;base64,PHN2ZyB3aWR0aD0iMSIgaGVpZ2h0PSIxIiB4bWxucz0iaHR0cDovL3d3dy53My5vcmcvMjAwMC9zdmciPjwvc3ZnPg==\" style=\"--smush-placeholder-width: 270px; --smush-placeholder-aspect-ratio: 270\/191;\" \/><\/a>atendimento ao aluno, sala de professores, secretaria, sala de reuni\u00e3o, almoxarifado, coordena\u00e7\u00e3o, copa, lavabo\/vesti\u00e1rios, vigia, lixo, cozinha, WCs masculino\/feminino e para PNE, cantina, D.L.M. cozinha, circula\u00e7\u00e3o, elevador, reservat\u00f3rio elevado e enterrado e rampa de acesso ao pavimento superior, urbaniza\u00e7\u00e3o interna e\u00a0 subesta\u00e7\u00e3o 150 KVA. Pavimento superior: 12 salas de Aula, WCs masculino\/feminino e para PNE.<\/p>\n<p><strong>Pavimenta\u00e7\u00e3o de ruas<\/strong>\u00a0\u2013 Consiste no recapeamento asf\u00e1ltico das ruas Jos\u00e9 Borba Filho, In\u00e1cio Assis Bezerra, Joventina Rafael Gomes, Cel. Jo\u00e3o Santa Cruz, Epaminondas Azevedo, Heronides Ramos, Gilverson de Ara\u00fajo Cordeiro, Cel. Francisco C\u00e2ndido e o acesso ao aer\u00f3dromo, com um total de 5,9 km, que v\u00e3o proporcionar aos seus 33 mil habitantes melhores condi\u00e7\u00f5es de vida, moderniza\u00e7\u00e3o da infraestrutura da cidade e outros in\u00fameros benef\u00edcios. Foram executados servi\u00e7os de recupera\u00e7\u00e3o de cal\u00e7amento, dispositivos de drenagem, recapeamento asf\u00e1ltico da pista de rolamento com micro revestimento e sinaliza\u00e7\u00e3o horizontal e vertical. Com a travessia de Monteiro, o Governo do Estado, com recursos pr\u00f3prios, investiu R$ 1,4 milh\u00e3o.<\/p>\n","protected":false},"excerpt":{"rendered":"<p>O governador Ricardo Coutinho esteve, nesta ter\u00e7a-feira (4), no munic\u00edpio de Monteiro, onde entregou a reforma e o acesso ao aer\u00f3dromo da cidade, al\u00e9m de&hellip; <\/p>\n","protected":false},"author":2,"featured_media":75420,"comment_status":"closed","ping_status":"closed","sticky":false,"template":"","format":"standard","meta":{"sfsi_plus_gutenberg_text_before_share":"","sfsi_plus_gutenberg_show_text_before_share":"","sfsi_plus_gutenberg_icon_type":"","sfsi_plus_gutenberg_icon_alignemt":"","sfsi_plus_gutenburg_max_per_row":"","footnotes":""},"categories":[2],"tags":[],"class_list":["post-75417","post","type-post","status-publish","format-standard","has-post-thumbnail","hentry","category-geral"],"_links":{"self":[{"href":"https:\/\/www.caririemacao.com\/1\/wp-json\/wp\/v2\/posts\/75417","targetHints":{"allow":["GET"]}}],"collection":[{"href":"https:\/\/www.caririemacao.com\/1\/wp-json\/wp\/v2\/posts"}],"about":[{"href":"https:\/\/www.caririemacao.com\/1\/wp-json\/wp\/v2\/types\/post"}],"author":[{"embeddable":true,"href":"https:\/\/www.caririemacao.com\/1\/wp-json\/wp\/v2\/users\/2"}],"replies":[{"embeddable":true,"href":"https:\/\/www.caririemacao.com\/1\/wp-json\/wp\/v2\/comments?post=75417"}],"version-history":[{"count":1,"href":"https:\/\/www.caririemacao.com\/1\/wp-json\/wp\/v2\/posts\/75417\/revisions"}],"predecessor-version":[{"id":75418,"href":"https:\/\/www.caririemacao.com\/1\/wp-json\/wp\/v2\/posts\/75417\/revisions\/75418"}],"wp:featuredmedia":[{"embeddable":true,"href":"https:\/\/www.caririemacao.com\/1\/wp-json\/wp\/v2\/media\/75420"}],"wp:attachment":[{"href":"https:\/\/www.caririemacao.com\/1\/wp-json\/wp\/v2\/media?parent=75417"}],"wp:term":[{"taxonomy":"category","embeddable":true,"href":"https:\/\/www.caririemacao.com\/1\/wp-json\/wp\/v2\/categories?post=75417"},{"taxonomy":"post_tag","embeddable":true,"href":"https:\/\/www.caririemacao.com\/1\/wp-json\/wp\/v2\/tags?post=75417"}],"curies":[{"name":"wp","href":"https:\/\/api.w.org\/{rel}","templated":true}]}}