{"id":75421,"date":"2018-12-04T22:31:08","date_gmt":"2018-12-05T01:31:08","guid":{"rendered":"http:\/\/www.caririemacao.com\/1\/?p=75421"},"modified":"2018-12-04T22:35:08","modified_gmt":"2018-12-05T01:35:08","slug":"camara-de-gurjao-aprova-titulo-de-cidadania-a-joao-azevedo","status":"publish","type":"post","link":"https:\/\/www.caririemacao.com\/1\/2018\/12\/04\/camara-de-gurjao-aprova-titulo-de-cidadania-a-joao-azevedo\/","title":{"rendered":"C\u00e2mara de Gurj\u00e3o aprova T\u00edtulo de Cidadania \u00e0 Jo\u00e3o Azevedo"},"content":{"rendered":"<p>A C\u00e2mara de Vereadores de Gurj\u00e3o aprovou na noite da \u00faltima sexta-feira, dia 30, o decreto legislativo N\u00ba 005\/2018 de autoria do vereador presidente Adailson Queiroz, que concede t\u00edtulo de cidadania ao governador eleito Jo\u00e3o Azevedo Lins Filho.<\/p>\n<p>O decreto foi aprovado em sess\u00e3o ordin\u00e1ria com a presen\u00e7a dos noves vereadores. A honraria ser\u00e1 entregue em sess\u00e3o solene com data ainda a ser definida.<\/p>\n<p><img fetchpriority=\"high\" decoding=\"async\" class=\"alignnone wp-image-51557 size-full\" src=\"http:\/\/www.caririemacao.com\/1\/wp-content\/uploads\/2018\/05\/Sess\u00e3o-C\u00e2mara-de-Gurj\u00e3o-6.jpg\" alt=\"\" width=\"800\" height=\"533\" srcset=\"https:\/\/www.caririemacao.com\/1\/wp-content\/uploads\/2018\/05\/Sess\u00e3o-C\u00e2mara-de-Gurj\u00e3o-6.jpg 800w, https:\/\/www.caririemacao.com\/1\/wp-content\/uploads\/2018\/05\/Sess\u00e3o-C\u00e2mara-de-Gurj\u00e3o-6-300x200.jpg 300w, https:\/\/www.caririemacao.com\/1\/wp-content\/uploads\/2018\/05\/Sess\u00e3o-C\u00e2mara-de-Gurj\u00e3o-6-768x512.jpg 768w\" sizes=\"(max-width: 800px) 100vw, 800px\" \/><\/p>\n<p>Adailsinho destacou o trabalho de Jo\u00e3o Azevedo em prol \u00e0 Para\u00edba e em especial de Gurj\u00e3o, na \u00e9poca em que era secret\u00e1rio de estado da gest\u00e3o de Ricardo Coutinho.<\/p>\n<p>\u201cJo\u00e3o se tornou um secret\u00e1rio refer\u00eancia na gest\u00e3o que transformou a Para\u00edba, ele cuidou do povo de Gurj\u00e3o com esse povo merece, o primeiro reconhecimento j\u00e1 foi dado nas urnas, quando elegemos ele governador, agora \u00e9 a hora de tornar esse filho da Para\u00edba, filho de Gurj\u00e3o\u201d, justificou.<\/p>\n","protected":false},"excerpt":{"rendered":"<p>A C\u00e2mara de Vereadores de Gurj\u00e3o aprovou na noite da \u00faltima sexta-feira, dia 30, o decreto legislativo N\u00ba 005\/2018 de autoria do vereador presidente Adailson&hellip; <\/p>\n","protected":false},"author":2,"featured_media":48095,"comment_status":"closed","ping_status":"closed","sticky":false,"template":"","format":"standard","meta":{"sfsi_plus_gutenberg_text_before_share":"","sfsi_plus_gutenberg_show_text_before_share":"","sfsi_plus_gutenberg_icon_type":"","sfsi_plus_gutenberg_icon_alignemt":"","sfsi_plus_gutenburg_max_per_row":"","footnotes":""},"categories":[11],"tags":[],"class_list":["post-75421","post","type-post","status-publish","format-standard","has-post-thumbnail","hentry","category-politica"],"_links":{"self":[{"href":"https:\/\/www.caririemacao.com\/1\/wp-json\/wp\/v2\/posts\/75421","targetHints":{"allow":["GET"]}}],"collection":[{"href":"https:\/\/www.caririemacao.com\/1\/wp-json\/wp\/v2\/posts"}],"about":[{"href":"https:\/\/www.caririemacao.com\/1\/wp-json\/wp\/v2\/types\/post"}],"author":[{"embeddable":true,"href":"https:\/\/www.caririemacao.com\/1\/wp-json\/wp\/v2\/users\/2"}],"replies":[{"embeddable":true,"href":"https:\/\/www.caririemacao.com\/1\/wp-json\/wp\/v2\/comments?post=75421"}],"version-history":[{"count":1,"href":"https:\/\/www.caririemacao.com\/1\/wp-json\/wp\/v2\/posts\/75421\/revisions"}],"predecessor-version":[{"id":75422,"href":"https:\/\/www.caririemacao.com\/1\/wp-json\/wp\/v2\/posts\/75421\/revisions\/75422"}],"wp:featuredmedia":[{"embeddable":true,"href":"https:\/\/www.caririemacao.com\/1\/wp-json\/wp\/v2\/media\/48095"}],"wp:attachment":[{"href":"https:\/\/www.caririemacao.com\/1\/wp-json\/wp\/v2\/media?parent=75421"}],"wp:term":[{"taxonomy":"category","embeddable":true,"href":"https:\/\/www.caririemacao.com\/1\/wp-json\/wp\/v2\/categories?post=75421"},{"taxonomy":"post_tag","embeddable":true,"href":"https:\/\/www.caririemacao.com\/1\/wp-json\/wp\/v2\/tags?post=75421"}],"curies":[{"name":"wp","href":"https:\/\/api.w.org\/{rel}","templated":true}]}}