{"id":75430,"date":"2018-12-05T08:06:03","date_gmt":"2018-12-05T11:06:03","guid":{"rendered":"http:\/\/www.caririemacao.com\/1\/?p=75430"},"modified":"2018-12-05T08:06:03","modified_gmt":"2018-12-05T11:06:03","slug":"para-defender-a-mae-adolescente-mata-o-proprio-pai-a-golpes-de-marreta-e-facao","status":"publish","type":"post","link":"https:\/\/www.caririemacao.com\/1\/2018\/12\/05\/para-defender-a-mae-adolescente-mata-o-proprio-pai-a-golpes-de-marreta-e-facao\/","title":{"rendered":"Para defender a m\u00e3e, adolescente mata o pr\u00f3prio pai a golpes de marreta e fac\u00e3o"},"content":{"rendered":"<div class=\"noticiacorpo\">\n<div>\n<p>Uma trag\u00e9dia familiar aconteceu na noite desta ter\u00e7a-feira\u00a0 (4)no Conjunto Nova Mangabeira, em Jo\u00e3o Pessoa.\u00a0 Um\u00a0 filho de 16 anos de idade n\u00e3o suportava ver a m\u00e3e apanhando do pai quase todos os dias quando eu chegava embriagado.<\/p>\n<p>Ontem \u00e0 noite a cena se repetiu e\u00a0 come\u00e7ou uma discuss\u00e3o dentro do quarto da resid\u00eancia onde\u00a0 eles moravam. O\u00a0 filho foi intervir\u00a0 e come\u00e7ou\u00a0 luta corporal entre o pai e o filho que\u00a0 terminou\u00a0 com o menor matando o pai com uma marreta e um fac\u00e3o.<\/p>\n<\/div>\n<div><\/div>\n<div>\n<p>Ap\u00f3s cometer o crime, o filho continuou no interior da resid\u00eancia ao lado da m\u00e3e em estado de choque. Com algumas les\u00f5es pelo corpo, o menor foi encaminhado ao hospital Trauminha em Mangabeira, em seguida levado para Delegacia do Menor e do Adolescente.<\/p>\n<p>A a arma e a marreta foram apreendidas e encaminhadas para o departamento de medicina legal para exames periciais.<\/p>\n<\/div>\n<div><\/div>\n<\/div>\n<p class=\"noticia_fonte\">\n<strong>Paulo Cosme<\/strong><\/p>\n","protected":false},"excerpt":{"rendered":"<p>Uma trag\u00e9dia familiar aconteceu na noite desta ter\u00e7a-feira\u00a0 (4)no Conjunto Nova Mangabeira, em Jo\u00e3o Pessoa.\u00a0 Um\u00a0 filho de 16 anos de idade n\u00e3o suportava ver&hellip; <\/p>\n","protected":false},"author":1,"featured_media":18430,"comment_status":"closed","ping_status":"closed","sticky":false,"template":"","format":"standard","meta":{"sfsi_plus_gutenberg_text_before_share":"","sfsi_plus_gutenberg_show_text_before_share":"","sfsi_plus_gutenberg_icon_type":"","sfsi_plus_gutenberg_icon_alignemt":"","sfsi_plus_gutenburg_max_per_row":"","footnotes":""},"categories":[12],"tags":[],"class_list":["post-75430","post","type-post","status-publish","format-standard","has-post-thumbnail","hentry","category-policia"],"_links":{"self":[{"href":"https:\/\/www.caririemacao.com\/1\/wp-json\/wp\/v2\/posts\/75430","targetHints":{"allow":["GET"]}}],"collection":[{"href":"https:\/\/www.caririemacao.com\/1\/wp-json\/wp\/v2\/posts"}],"about":[{"href":"https:\/\/www.caririemacao.com\/1\/wp-json\/wp\/v2\/types\/post"}],"author":[{"embeddable":true,"href":"https:\/\/www.caririemacao.com\/1\/wp-json\/wp\/v2\/users\/1"}],"replies":[{"embeddable":true,"href":"https:\/\/www.caririemacao.com\/1\/wp-json\/wp\/v2\/comments?post=75430"}],"version-history":[{"count":1,"href":"https:\/\/www.caririemacao.com\/1\/wp-json\/wp\/v2\/posts\/75430\/revisions"}],"predecessor-version":[{"id":75431,"href":"https:\/\/www.caririemacao.com\/1\/wp-json\/wp\/v2\/posts\/75430\/revisions\/75431"}],"wp:featuredmedia":[{"embeddable":true,"href":"https:\/\/www.caririemacao.com\/1\/wp-json\/wp\/v2\/media\/18430"}],"wp:attachment":[{"href":"https:\/\/www.caririemacao.com\/1\/wp-json\/wp\/v2\/media?parent=75430"}],"wp:term":[{"taxonomy":"category","embeddable":true,"href":"https:\/\/www.caririemacao.com\/1\/wp-json\/wp\/v2\/categories?post=75430"},{"taxonomy":"post_tag","embeddable":true,"href":"https:\/\/www.caririemacao.com\/1\/wp-json\/wp\/v2\/tags?post=75430"}],"curies":[{"name":"wp","href":"https:\/\/api.w.org\/{rel}","templated":true}]}}