{"id":75432,"date":"2018-12-05T08:20:13","date_gmt":"2018-12-05T11:20:13","guid":{"rendered":"http:\/\/www.caririemacao.com\/1\/?p=75432"},"modified":"2018-12-05T08:20:13","modified_gmt":"2018-12-05T11:20:13","slug":"obrigado-ricardo-fizemos-uma-revolucao-em-monteiro-e-no-cariri-diz-lorena","status":"publish","type":"post","link":"https:\/\/www.caririemacao.com\/1\/2018\/12\/05\/obrigado-ricardo-fizemos-uma-revolucao-em-monteiro-e-no-cariri-diz-lorena\/","title":{"rendered":"\u201cObrigado Ricardo: Fizemos uma revolu\u00e7\u00e3o em Monteiro e no Cariri\u201d, diz Lorena"},"content":{"rendered":"<p style=\"font-weight: 400;\">A prefeita Anna Lorena agradeceu ao governador Ricardo Coutinho pelas a\u00e7\u00f5es e obras executadas pelo governador em prol de Monteiro, e lamentou por n\u00e3o ter podido desfrutar mais tempo desta parceria, em virtude de problemas de conjuntura pol\u00edtica enfrentados no passado.<\/p>\n<p style=\"font-weight: 400;\">\u201cEu me sinto sim emocionada, pelo simples fato de n\u00e3o ter sido f\u00e1cil estar aqui hoje, pela conjuntura e todo mundo sabe, pela situa\u00e7\u00e3o em que esta cidade aqui politicamente vive\u201d, disse a gestora.<\/p>\n<p style=\"font-weight: 400;\">\u201cE eu fico triste por um lado, por s\u00f3 poder ter aproveitado estes \u00faltimos meses que o senhor governador est\u00e1 no cargo, mas fico feliz por que eu sei que o que n\u00f3s estamos fazendo juntos aqui nesta cidade nestes poucos meses \u00e9 uma revolu\u00e7\u00e3o na hist\u00f3ria de Monteiro, e na hist\u00f3ria do Cariri\u201d, completou.<\/p>\n<p style=\"font-weight: 400;\">\u201cMeu muito obrigado Ricardo. Fico triste, mas tenho certeza que ao lado de Jo\u00e3o (Azev\u00eado), Ricardo estar\u00e1 l\u00e1 sempre, orientando, cochichando, e assim como n\u00f3s, prefeitos, gestores, iremos precisar da sua contribui\u00e7\u00e3o daqui pra frente independente do cargo em que o Senhor esteja, pois eu sei que a sua experi\u00eancia com certeza nos fortalecer\u00e1 cada vez mais\u201d, completou a prefeita Anna Lorena.<\/p>\n<p style=\"font-weight: 400;\"><strong>F\u00c1BIO BRITO<\/strong><\/p>\n","protected":false},"excerpt":{"rendered":"<p>A prefeita Anna Lorena agradeceu ao governador Ricardo Coutinho pelas a\u00e7\u00f5es e obras executadas pelo governador em prol de Monteiro, e lamentou por n\u00e3o ter&hellip; <\/p>\n","protected":false},"author":1,"featured_media":12211,"comment_status":"closed","ping_status":"closed","sticky":false,"template":"","format":"standard","meta":{"sfsi_plus_gutenberg_text_before_share":"","sfsi_plus_gutenberg_show_text_before_share":"","sfsi_plus_gutenberg_icon_type":"","sfsi_plus_gutenberg_icon_alignemt":"","sfsi_plus_gutenburg_max_per_row":"","footnotes":""},"categories":[11],"tags":[],"class_list":["post-75432","post","type-post","status-publish","format-standard","has-post-thumbnail","hentry","category-politica"],"_links":{"self":[{"href":"https:\/\/www.caririemacao.com\/1\/wp-json\/wp\/v2\/posts\/75432","targetHints":{"allow":["GET"]}}],"collection":[{"href":"https:\/\/www.caririemacao.com\/1\/wp-json\/wp\/v2\/posts"}],"about":[{"href":"https:\/\/www.caririemacao.com\/1\/wp-json\/wp\/v2\/types\/post"}],"author":[{"embeddable":true,"href":"https:\/\/www.caririemacao.com\/1\/wp-json\/wp\/v2\/users\/1"}],"replies":[{"embeddable":true,"href":"https:\/\/www.caririemacao.com\/1\/wp-json\/wp\/v2\/comments?post=75432"}],"version-history":[{"count":1,"href":"https:\/\/www.caririemacao.com\/1\/wp-json\/wp\/v2\/posts\/75432\/revisions"}],"predecessor-version":[{"id":75433,"href":"https:\/\/www.caririemacao.com\/1\/wp-json\/wp\/v2\/posts\/75432\/revisions\/75433"}],"wp:featuredmedia":[{"embeddable":true,"href":"https:\/\/www.caririemacao.com\/1\/wp-json\/wp\/v2\/media\/12211"}],"wp:attachment":[{"href":"https:\/\/www.caririemacao.com\/1\/wp-json\/wp\/v2\/media?parent=75432"}],"wp:term":[{"taxonomy":"category","embeddable":true,"href":"https:\/\/www.caririemacao.com\/1\/wp-json\/wp\/v2\/categories?post=75432"},{"taxonomy":"post_tag","embeddable":true,"href":"https:\/\/www.caririemacao.com\/1\/wp-json\/wp\/v2\/tags?post=75432"}],"curies":[{"name":"wp","href":"https:\/\/api.w.org\/{rel}","templated":true}]}}