{"id":75437,"date":"2018-12-05T08:37:27","date_gmt":"2018-12-05T11:37:27","guid":{"rendered":"http:\/\/www.caririemacao.com\/1\/?p=75437"},"modified":"2018-12-05T08:37:27","modified_gmt":"2018-12-05T11:37:27","slug":"bolsonaro-conversa-nesta-quarta-feira-com-psdb-e-pr","status":"publish","type":"post","link":"https:\/\/www.caririemacao.com\/1\/2018\/12\/05\/bolsonaro-conversa-nesta-quarta-feira-com-psdb-e-pr\/","title":{"rendered":"Bolsonaro conversa nesta quarta-feira com PSDB e PR"},"content":{"rendered":"<p>O presidente eleito, Jair Bolsonaro, faz hoje (5) mais uma rodada de reuni\u00f5es com as bancadas partid\u00e1rias. Os encontros est\u00e3o marcados com os parlamentares do PSDB e do PR. Bolsonaro avisou que o apoio no Congresso Nacional vir\u00e1 a partir da identidade em torno de propostas sem&#8221;alinhamento autom\u00e1tico&#8221;.<\/p>\n<p>As conversas ocorrem no momento em que ainda est\u00e3o em aberto cargos no primeiro e segundo escal\u00f5es do governo Bolsonaro. N\u00e3o h\u00e1, por enquanto, o nome do titular do Minist\u00e9rio do Meio Ambiente e ontem o pr\u00f3prio Bolsonaro informou que nomear\u00e1 um porta-voz para Presid\u00eancia da Rep\u00fablica.<\/p>\n<p>No encontro com as bancadas do MDB e PRB, o presidente eleito reiterou que vai buscar o \u201centendimento\u201d e disse que a \u201cf\u00f3rmula\u201d usada at\u00e9 agora na rela\u00e7\u00e3o entre governo e Congresso \u00e9 fracassada. Admitiu que pode n\u00e3o saber a \u201cf\u00f3rmula do sucesso\u201d, mas tem consci\u00eancia que a aplicada at\u00e9 o momento n\u00e3o \u00e9 a correta.<\/p>\n<p>Segundo Bolsonaro, os minist\u00e9rios ficar\u00e3o \u00e0 disposi\u00e7\u00e3o dos parlamentares para o atendimento de demandas. Ele tamb\u00e9m defendeu r\u00e1pida libera\u00e7\u00e3o de emendas parlamentares e garantiu que n\u00e3o far\u00e1 &#8220;jogo de empurra&#8221; para prejudicar os deputados.<\/p>\n<p>O presidente eleito prometeu ainda fazer reuni\u00f5es pr\u00e9vias com senadores e deputados federais antes de\u00a0enviar propostas\u00a0ao Congresso Nacional. Segundo ele, isso seria uma inova\u00e7\u00e3o na rela\u00e7\u00e3o entre governo e Parlamento.<\/p>\n<p>A agenda de Bolsonaro inclui ainda visita ao Quartel General do Ex\u00e9rcito e reuni\u00f5es com embaixadores estrangeiros.<\/p>\n<p>&nbsp;<\/p>\n<p>EBC<\/p>\n","protected":false},"excerpt":{"rendered":"<p>O presidente eleito, Jair Bolsonaro, faz hoje (5) mais uma rodada de reuni\u00f5es com as bancadas partid\u00e1rias. Os encontros est\u00e3o marcados com os parlamentares do&hellip; <\/p>\n","protected":false},"author":1,"featured_media":75438,"comment_status":"closed","ping_status":"closed","sticky":false,"template":"","format":"standard","meta":{"sfsi_plus_gutenberg_text_before_share":"","sfsi_plus_gutenberg_show_text_before_share":"","sfsi_plus_gutenberg_icon_type":"","sfsi_plus_gutenberg_icon_alignemt":"","sfsi_plus_gutenburg_max_per_row":"","footnotes":""},"categories":[11],"tags":[],"class_list":["post-75437","post","type-post","status-publish","format-standard","has-post-thumbnail","hentry","category-politica"],"_links":{"self":[{"href":"https:\/\/www.caririemacao.com\/1\/wp-json\/wp\/v2\/posts\/75437","targetHints":{"allow":["GET"]}}],"collection":[{"href":"https:\/\/www.caririemacao.com\/1\/wp-json\/wp\/v2\/posts"}],"about":[{"href":"https:\/\/www.caririemacao.com\/1\/wp-json\/wp\/v2\/types\/post"}],"author":[{"embeddable":true,"href":"https:\/\/www.caririemacao.com\/1\/wp-json\/wp\/v2\/users\/1"}],"replies":[{"embeddable":true,"href":"https:\/\/www.caririemacao.com\/1\/wp-json\/wp\/v2\/comments?post=75437"}],"version-history":[{"count":1,"href":"https:\/\/www.caririemacao.com\/1\/wp-json\/wp\/v2\/posts\/75437\/revisions"}],"predecessor-version":[{"id":75439,"href":"https:\/\/www.caririemacao.com\/1\/wp-json\/wp\/v2\/posts\/75437\/revisions\/75439"}],"wp:featuredmedia":[{"embeddable":true,"href":"https:\/\/www.caririemacao.com\/1\/wp-json\/wp\/v2\/media\/75438"}],"wp:attachment":[{"href":"https:\/\/www.caririemacao.com\/1\/wp-json\/wp\/v2\/media?parent=75437"}],"wp:term":[{"taxonomy":"category","embeddable":true,"href":"https:\/\/www.caririemacao.com\/1\/wp-json\/wp\/v2\/categories?post=75437"},{"taxonomy":"post_tag","embeddable":true,"href":"https:\/\/www.caririemacao.com\/1\/wp-json\/wp\/v2\/tags?post=75437"}],"curies":[{"name":"wp","href":"https:\/\/api.w.org\/{rel}","templated":true}]}}