{"id":75440,"date":"2018-12-05T08:41:13","date_gmt":"2018-12-05T11:41:13","guid":{"rendered":"http:\/\/www.caririemacao.com\/1\/?p=75440"},"modified":"2018-12-05T08:41:13","modified_gmt":"2018-12-05T11:41:13","slug":"cesta-de-compras-para-renda-mais-baixa-fica-025-mais-barata","status":"publish","type":"post","link":"https:\/\/www.caririemacao.com\/1\/2018\/12\/05\/cesta-de-compras-para-renda-mais-baixa-fica-025-mais-barata\/","title":{"rendered":"Cesta de compras para renda mais baixa fica 0,25% mais barata"},"content":{"rendered":"<p>O \u00cdndice de Pre\u00e7os ao Consumidor &#8211; Classe 1 (IPC-C1), que calcula o custo da cesta de compras para fam\u00edlias com renda de at\u00e9 2,5 sal\u00e1rios m\u00ednimos, registrou defla\u00e7\u00e3o (queda de pre\u00e7os) de 0,25% em novembro deste ano. Segundo a Funda\u00e7\u00e3o Getulio Vargas (FGV), em outubro havia sido registrada infla\u00e7\u00e3o de 0,78%.<\/p>\n<div class=\"dnd-widget-wrapper context-cheio_8colunas type-image\">\n<div class=\"dnd-atom-rendered\">\n<figure class=\"mejs-fotoh-wrapper\"><img decoding=\"async\" class=\"img-responsive full full lazyload\" title=\"Agencia Brasil\" data-src=\"http:\/\/imagens.ebc.com.br\/639TXBvG7hrubbSKmDqErAMxYpQ=\/754x0\/smart\/http:\/\/agenciabrasil.ebc.com.br\/sites\/default\/files\/atoms\/image\/notas_real_50_2_de_1-4.jpg?itok=GFAG12OF\" alt=\"dinheiro\" src=\"data:image\/svg+xml;base64,PHN2ZyB3aWR0aD0iMSIgaGVpZ2h0PSIxIiB4bWxucz0iaHR0cDovL3d3dy53My5vcmcvMjAwMC9zdmciPjwvc3ZnPg==\" \/><\/figure>\n<\/div>\n<div class=\"dnd-caption-wrapper\">\n<div class=\"meta\">C\u00e9dulas de real &#8211;\u00a0<strong>Ag\u00eancia Brasil<\/strong><\/div>\n<\/div>\n<\/div>\n<p>Em 12 meses, o IPC-C1 acumula taxa de 3,8%. As taxas ficaram abaixo das registradas pelo \u00cdndice de Pre\u00e7os ao Consumidor \u2013 Brasil (IPC-BR), que mede a infla\u00e7\u00e3o para todas as faixas de renda e que teve defla\u00e7\u00e3o de 0,17% em novembro e alta de pre\u00e7os de 4,24% em 12 meses.<\/p>\n<p>Sete das oito classes de despesas componentes do \u00edndice apresentaram queda em suas taxas de varia\u00e7\u00e3o de outubro para novembro. Tr\u00eas delas chegaram a registrar defla\u00e7\u00e3o neste m\u00eas: habita\u00e7\u00e3o (que caiu de -0,11% para -1,1%), transportes (de 0,71% para -0,42%), sa\u00fade e cuidados pessoais (de 0,38% para -0,17%).<\/p>\n<p>Quatro classes tiveram queda na taxa, mas continuaram registrando infla\u00e7\u00e3o: alimenta\u00e7\u00e3o (de 1,17% para 0,34%), vestu\u00e1rio (de 0,73% para 0,14%), educa\u00e7\u00e3o, leitura e recrea\u00e7\u00e3o (de 0,37% para 0,27%) e comunica\u00e7\u00e3o (de 0,12% para 0,07%).<\/p>\n<p>A \u00fanica classe com alta na taxa foi a de despesas diversas (que subiu de -0,03% para 0,03%).<\/p>\n<p>&nbsp;<\/p>\n<p>Ag\u00eancia Brasil<\/p>\n","protected":false},"excerpt":{"rendered":"<p>O \u00cdndice de Pre\u00e7os ao Consumidor &#8211; Classe 1 (IPC-C1), que calcula o custo da cesta de compras para fam\u00edlias com renda de at\u00e9 2,5&hellip; <\/p>\n","protected":false},"author":1,"featured_media":4104,"comment_status":"closed","ping_status":"closed","sticky":false,"template":"","format":"standard","meta":{"sfsi_plus_gutenberg_text_before_share":"","sfsi_plus_gutenberg_show_text_before_share":"","sfsi_plus_gutenberg_icon_type":"","sfsi_plus_gutenberg_icon_alignemt":"","sfsi_plus_gutenburg_max_per_row":"","footnotes":""},"categories":[2],"tags":[],"class_list":["post-75440","post","type-post","status-publish","format-standard","has-post-thumbnail","hentry","category-geral"],"_links":{"self":[{"href":"https:\/\/www.caririemacao.com\/1\/wp-json\/wp\/v2\/posts\/75440","targetHints":{"allow":["GET"]}}],"collection":[{"href":"https:\/\/www.caririemacao.com\/1\/wp-json\/wp\/v2\/posts"}],"about":[{"href":"https:\/\/www.caririemacao.com\/1\/wp-json\/wp\/v2\/types\/post"}],"author":[{"embeddable":true,"href":"https:\/\/www.caririemacao.com\/1\/wp-json\/wp\/v2\/users\/1"}],"replies":[{"embeddable":true,"href":"https:\/\/www.caririemacao.com\/1\/wp-json\/wp\/v2\/comments?post=75440"}],"version-history":[{"count":1,"href":"https:\/\/www.caririemacao.com\/1\/wp-json\/wp\/v2\/posts\/75440\/revisions"}],"predecessor-version":[{"id":75447,"href":"https:\/\/www.caririemacao.com\/1\/wp-json\/wp\/v2\/posts\/75440\/revisions\/75447"}],"wp:featuredmedia":[{"embeddable":true,"href":"https:\/\/www.caririemacao.com\/1\/wp-json\/wp\/v2\/media\/4104"}],"wp:attachment":[{"href":"https:\/\/www.caririemacao.com\/1\/wp-json\/wp\/v2\/media?parent=75440"}],"wp:term":[{"taxonomy":"category","embeddable":true,"href":"https:\/\/www.caririemacao.com\/1\/wp-json\/wp\/v2\/categories?post=75440"},{"taxonomy":"post_tag","embeddable":true,"href":"https:\/\/www.caririemacao.com\/1\/wp-json\/wp\/v2\/tags?post=75440"}],"curies":[{"name":"wp","href":"https:\/\/api.w.org\/{rel}","templated":true}]}}