{"id":75448,"date":"2018-12-05T09:08:15","date_gmt":"2018-12-05T12:08:15","guid":{"rendered":"http:\/\/www.caririemacao.com\/1\/?p=75448"},"modified":"2018-12-05T09:08:15","modified_gmt":"2018-12-05T12:08:15","slug":"em-brasilia-joao-azevedo-se-reune-com-presidentes-da-camara-e-do-senado","status":"publish","type":"post","link":"https:\/\/www.caririemacao.com\/1\/2018\/12\/05\/em-brasilia-joao-azevedo-se-reune-com-presidentes-da-camara-e-do-senado\/","title":{"rendered":"Em Bras\u00edlia, Jo\u00e3o Azev\u00eado se re\u00fane com presidentes da C\u00e2mara e do Senado"},"content":{"rendered":"<p>Em busca de garantir recursos para a Para\u00edba, o governador eleito Jo\u00e3o Azev\u00eado (PSB) deu continuidade, na tarde desta ter\u00e7a-feira (4), a sua agenda em Bras\u00edlia. Acompanhado dos demais gestores eleitos e reeleitos do Nordeste, ele se reuniu com os presidentes do Senado Federal, Eun\u00edcio Oliveira, e da C\u00e2mara Federal, Rodrigo Maia, e discutiram projetos em tramita\u00e7\u00e3o nas duas Casas Legislativas que fortalecem a economia dos Estados.<\/p>\n<p>No Senado Federal, os governadores debateram o andamento do projeto que trata do b\u00f4nus da assinatura do pr\u00e9-sal. Segundo Jo\u00e3o Azev\u00eado, a mat\u00e9ria ainda precisa passar pelo crivo do atual governo e da equipe econ\u00f4mica da pr\u00f3xima gest\u00e3o.<\/p>\n<p><a href=\"https:\/\/paraibaja.com.br\/wp-content\/uploads\/2018\/12\/8A72291B-6BF4-4BC6-813E-C9E84A550DBA-e1543965325446.jpeg?x93099\"><img decoding=\"async\" class=\"i-amphtml-fill-content i-amphtml-replaced-content lazyload\" data-src=\"https:\/\/paraibaja.com.br\/wp-content\/uploads\/2018\/12\/8A72291B-6BF4-4BC6-813E-C9E84A550DBA-e1543965325446.jpeg?x93099\" data-sizes=\"(min-width: 780px) 780px, 100vw\" alt=\"Em Bras\u00edlia, Jo\u00e3o Azev\u00eado se re\u00fane com presidentes da C\u00e2mara e do Senado\" src=\"data:image\/svg+xml;base64,PHN2ZyB3aWR0aD0iMSIgaGVpZ2h0PSIxIiB4bWxucz0iaHR0cDovL3d3dy53My5vcmcvMjAwMC9zdmciPjwvc3ZnPg==\" \/><\/a><\/p>\n<p>\u201cEsse projeto \u00e9 referente ao valor depositado pelas empresas a partir da assinatura com vencedores dos leil\u00f5es para explora\u00e7\u00e3o do pr\u00e9-sal e poder\u00e1 trazer benef\u00edcios para a arrecada\u00e7\u00e3o do Estado. H\u00e1 avan\u00e7os, mas existem algumas pend\u00eancias, considerando que o projeto tem que ser analisado e aprovado pelo governo atual e pela equipe econ\u00f4mica do governo que se instala a partir de 1\u00ba de janeiro. Esperamos que at\u00e9 a pr\u00f3xima semana, tenhamos o resultado final deste processo\u201d, observou.<\/p>\n<p>Na C\u00e2mara Federal, os governadores discutiram com Rodrigo Maia a tramita\u00e7\u00e3o dos projetos referentes \u00e0 securitiza\u00e7\u00e3o da d\u00edvida ativa e a cess\u00e3o onerosa de g\u00e1s e petr\u00f3leo, que prev\u00ea a divis\u00e3o entre governos federal, estaduais e municipais de receitas advindas da comercializa\u00e7\u00e3o do diesel e do g\u00e1s, principalmente.<\/p>\n<p>\u201cS\u00e3o receitas adicionais que melhorar\u00e3o o fluxo de caixa dos Estados. Houve compromisso por parte do presidente Rodrigo Maia de come\u00e7ar, j\u00e1 a partir de hoje, a discuss\u00e3o e vota\u00e7\u00e3o dessas duas mat\u00e9rias. A visita foi extremamente positiva e aguardamos a conclus\u00e3o das vota\u00e7\u00f5es o mais r\u00e1pido poss\u00edvel\u201d, destacou.<\/p>\n<p>Al\u00e9m de Jo\u00e3o Azev\u00eado, estiveram presentes \u00e0s reuni\u00f5es, os governadores Camilo Santana (reeleito no Cear\u00e1), Rui Costa (reeleito na Bahia), Wellington Dias (reeleito no Piau\u00ed), Paulo C\u00e2mara (reeleito em Pernambuco), F\u00e1tima Bezerra (eleita no Rio Grande do Norte), Renan Filho (reeleito em Alagoas) e Carlos Brand\u00e3o (vice-governador eleito do Maranh\u00e3o). O governador reeleito do Amap\u00e1, Waldez G\u00f3es, tamb\u00e9m participou dos encontros.<\/p>\n<p>&nbsp;<\/p>\n<p>Para\u00edba j\u00e1<\/p>\n","protected":false},"excerpt":{"rendered":"<p>Em busca de garantir recursos para a Para\u00edba, o governador eleito Jo\u00e3o Azev\u00eado (PSB) deu continuidade, na tarde desta ter\u00e7a-feira (4), a sua agenda em&hellip; <\/p>\n","protected":false},"author":1,"featured_media":75449,"comment_status":"closed","ping_status":"closed","sticky":false,"template":"","format":"standard","meta":{"sfsi_plus_gutenberg_text_before_share":"","sfsi_plus_gutenberg_show_text_before_share":"","sfsi_plus_gutenberg_icon_type":"","sfsi_plus_gutenberg_icon_alignemt":"","sfsi_plus_gutenburg_max_per_row":"","footnotes":""},"categories":[11],"tags":[],"class_list":["post-75448","post","type-post","status-publish","format-standard","has-post-thumbnail","hentry","category-politica"],"_links":{"self":[{"href":"https:\/\/www.caririemacao.com\/1\/wp-json\/wp\/v2\/posts\/75448","targetHints":{"allow":["GET"]}}],"collection":[{"href":"https:\/\/www.caririemacao.com\/1\/wp-json\/wp\/v2\/posts"}],"about":[{"href":"https:\/\/www.caririemacao.com\/1\/wp-json\/wp\/v2\/types\/post"}],"author":[{"embeddable":true,"href":"https:\/\/www.caririemacao.com\/1\/wp-json\/wp\/v2\/users\/1"}],"replies":[{"embeddable":true,"href":"https:\/\/www.caririemacao.com\/1\/wp-json\/wp\/v2\/comments?post=75448"}],"version-history":[{"count":1,"href":"https:\/\/www.caririemacao.com\/1\/wp-json\/wp\/v2\/posts\/75448\/revisions"}],"predecessor-version":[{"id":75450,"href":"https:\/\/www.caririemacao.com\/1\/wp-json\/wp\/v2\/posts\/75448\/revisions\/75450"}],"wp:featuredmedia":[{"embeddable":true,"href":"https:\/\/www.caririemacao.com\/1\/wp-json\/wp\/v2\/media\/75449"}],"wp:attachment":[{"href":"https:\/\/www.caririemacao.com\/1\/wp-json\/wp\/v2\/media?parent=75448"}],"wp:term":[{"taxonomy":"category","embeddable":true,"href":"https:\/\/www.caririemacao.com\/1\/wp-json\/wp\/v2\/categories?post=75448"},{"taxonomy":"post_tag","embeddable":true,"href":"https:\/\/www.caririemacao.com\/1\/wp-json\/wp\/v2\/tags?post=75448"}],"curies":[{"name":"wp","href":"https:\/\/api.w.org\/{rel}","templated":true}]}}