{"id":75451,"date":"2018-12-05T09:28:48","date_gmt":"2018-12-05T12:28:48","guid":{"rendered":"http:\/\/www.caririemacao.com\/1\/?p=75451"},"modified":"2018-12-05T09:28:48","modified_gmt":"2018-12-05T12:28:48","slug":"prefeitura-de-monteiro-inicia-mais-dois-cursos-tecnicos-gratuitos-pelo-desenvolvimento-social","status":"publish","type":"post","link":"https:\/\/www.caririemacao.com\/1\/2018\/12\/05\/prefeitura-de-monteiro-inicia-mais-dois-cursos-tecnicos-gratuitos-pelo-desenvolvimento-social\/","title":{"rendered":"Prefeitura de Monteiro inicia mais dois cursos t\u00e9cnicos gratuitos pelo Desenvolvimento Social"},"content":{"rendered":"<p>Continuando a temporada de capacita\u00e7\u00f5es oferecida pela Prefeitura de Monteiro, a Secretaria de Desenvolvimento do munic\u00edpio iniciou mais dois cursos destinados a popula\u00e7\u00e3o.<\/p>\n<p>O curso de Confec\u00e7\u00e3o de Bolsas em Couro assim como o curso de Cuidador de Idosos, tiveram 20 pessoas selecionadas para cada capacita\u00e7\u00e3o, que iniciados ainda no m\u00eas de novembro, ter\u00e3o aproximadamente 30 dias de aulas.<\/p>\n<p>Todos os beneficiados fazem parte de programas assistenciais do Governo Federal, e ap\u00f3s os cursos poder\u00e3o ter uma nova perspectiva sobre o mercado de trabalho e gera\u00e7\u00e3o de renda para as suas fam\u00edlias.<\/p>\n<p>\u201cOs monteirenses, desde 2017, contam com diversos cursos oferecidos pela Prefeitura, por meio da nossa Secretaria de Desenvolvimento Social, e isso tem mudado a realidade das nossas comunidades menos favorecidas. Com a administra\u00e7\u00e3o da prefeita Anna Lorena, os mun\u00edcipes podem realizar o sonho de ter uma qualifica\u00e7\u00e3o e poder ganhar a sua vida atrav\u00e9s da renda de sua profiss\u00e3o\u201d, comenta a secret\u00e1ria Rosa Aleixo.<\/p>\n<p>Ainda acontecem cursos pela zona rural e na cidade, todos os cursos t\u00eam previs\u00e3o de finalizar neste m\u00eas de dezembro, ou seja, ser\u00e3o mais de 100 pessoas qualificadas s\u00f3 neste segundo semestre em Monteiro.<\/p>\n<p>&nbsp;<\/p>\n<p>Ascom\/Monteiro<\/p>\n","protected":false},"excerpt":{"rendered":"<p>Continuando a temporada de capacita\u00e7\u00f5es oferecida pela Prefeitura de Monteiro, a Secretaria de Desenvolvimento do munic\u00edpio iniciou mais dois cursos destinados a popula\u00e7\u00e3o. O curso&hellip; <\/p>\n","protected":false},"author":1,"featured_media":67848,"comment_status":"closed","ping_status":"closed","sticky":false,"template":"","format":"standard","meta":{"sfsi_plus_gutenberg_text_before_share":"","sfsi_plus_gutenberg_show_text_before_share":"","sfsi_plus_gutenberg_icon_type":"","sfsi_plus_gutenberg_icon_alignemt":"","sfsi_plus_gutenburg_max_per_row":"","footnotes":""},"categories":[6],"tags":[],"class_list":["post-75451","post","type-post","status-publish","format-standard","has-post-thumbnail","hentry","category-cidades"],"_links":{"self":[{"href":"https:\/\/www.caririemacao.com\/1\/wp-json\/wp\/v2\/posts\/75451","targetHints":{"allow":["GET"]}}],"collection":[{"href":"https:\/\/www.caririemacao.com\/1\/wp-json\/wp\/v2\/posts"}],"about":[{"href":"https:\/\/www.caririemacao.com\/1\/wp-json\/wp\/v2\/types\/post"}],"author":[{"embeddable":true,"href":"https:\/\/www.caririemacao.com\/1\/wp-json\/wp\/v2\/users\/1"}],"replies":[{"embeddable":true,"href":"https:\/\/www.caririemacao.com\/1\/wp-json\/wp\/v2\/comments?post=75451"}],"version-history":[{"count":1,"href":"https:\/\/www.caririemacao.com\/1\/wp-json\/wp\/v2\/posts\/75451\/revisions"}],"predecessor-version":[{"id":75453,"href":"https:\/\/www.caririemacao.com\/1\/wp-json\/wp\/v2\/posts\/75451\/revisions\/75453"}],"wp:featuredmedia":[{"embeddable":true,"href":"https:\/\/www.caririemacao.com\/1\/wp-json\/wp\/v2\/media\/67848"}],"wp:attachment":[{"href":"https:\/\/www.caririemacao.com\/1\/wp-json\/wp\/v2\/media?parent=75451"}],"wp:term":[{"taxonomy":"category","embeddable":true,"href":"https:\/\/www.caririemacao.com\/1\/wp-json\/wp\/v2\/categories?post=75451"},{"taxonomy":"post_tag","embeddable":true,"href":"https:\/\/www.caririemacao.com\/1\/wp-json\/wp\/v2\/tags?post=75451"}],"curies":[{"name":"wp","href":"https:\/\/api.w.org\/{rel}","templated":true}]}}