{"id":75459,"date":"2018-12-05T09:48:00","date_gmt":"2018-12-05T12:48:00","guid":{"rendered":"http:\/\/www.caririemacao.com\/1\/?p=75459"},"modified":"2018-12-05T09:48:00","modified_gmt":"2018-12-05T12:48:00","slug":"treze-fara-dois-amistosos-contra-o-nautico-pe","status":"publish","type":"post","link":"https:\/\/www.caririemacao.com\/1\/2018\/12\/05\/treze-fara-dois-amistosos-contra-o-nautico-pe\/","title":{"rendered":"Treze far\u00e1 dois amistosos contra o N\u00e1utico-PE"},"content":{"rendered":"<p>Dentro do planejamento do futebol Alvinegro para a temporada 2019, al\u00e9m do jogo de inaugura\u00e7\u00e3o do gramado \u201cpadr\u00e3o Fifa\u201d do Est\u00e1dio Amig\u00e3o, no dia 19 de dezembro, contra o Campinense, o Treze far\u00e1 mais dois amistosos antes da estreia no Campeonato Paraibano, dia 13 de janeiro. Ambos contra o N\u00e1utico-PE. O primeiro, no dia 22 de dezembro, em Campina Grande, e o segundo, nos Aflitos, no dia 5 de janeiro.<\/p>\n<p>Vale ressaltar que assim como o N\u00e1utico, o Treze tamb\u00e9m disputar\u00e1 a S\u00e9rie C em 2019.<\/p>\n<p>&nbsp;<\/p>\n<p>Para\u00edba j\u00e1<\/p>\n","protected":false},"excerpt":{"rendered":"<p>Dentro do planejamento do futebol Alvinegro para a temporada 2019, al\u00e9m do jogo de inaugura\u00e7\u00e3o do gramado \u201cpadr\u00e3o Fifa\u201d do Est\u00e1dio Amig\u00e3o, no dia 19&hellip; <\/p>\n","protected":false},"author":1,"featured_media":75464,"comment_status":"closed","ping_status":"closed","sticky":false,"template":"","format":"standard","meta":{"sfsi_plus_gutenberg_text_before_share":"","sfsi_plus_gutenberg_show_text_before_share":"","sfsi_plus_gutenberg_icon_type":"","sfsi_plus_gutenberg_icon_alignemt":"","sfsi_plus_gutenburg_max_per_row":"","footnotes":""},"categories":[13],"tags":[],"class_list":["post-75459","post","type-post","status-publish","format-standard","has-post-thumbnail","hentry","category-esportes"],"_links":{"self":[{"href":"https:\/\/www.caririemacao.com\/1\/wp-json\/wp\/v2\/posts\/75459","targetHints":{"allow":["GET"]}}],"collection":[{"href":"https:\/\/www.caririemacao.com\/1\/wp-json\/wp\/v2\/posts"}],"about":[{"href":"https:\/\/www.caririemacao.com\/1\/wp-json\/wp\/v2\/types\/post"}],"author":[{"embeddable":true,"href":"https:\/\/www.caririemacao.com\/1\/wp-json\/wp\/v2\/users\/1"}],"replies":[{"embeddable":true,"href":"https:\/\/www.caririemacao.com\/1\/wp-json\/wp\/v2\/comments?post=75459"}],"version-history":[{"count":1,"href":"https:\/\/www.caririemacao.com\/1\/wp-json\/wp\/v2\/posts\/75459\/revisions"}],"predecessor-version":[{"id":75465,"href":"https:\/\/www.caririemacao.com\/1\/wp-json\/wp\/v2\/posts\/75459\/revisions\/75465"}],"wp:featuredmedia":[{"embeddable":true,"href":"https:\/\/www.caririemacao.com\/1\/wp-json\/wp\/v2\/media\/75464"}],"wp:attachment":[{"href":"https:\/\/www.caririemacao.com\/1\/wp-json\/wp\/v2\/media?parent=75459"}],"wp:term":[{"taxonomy":"category","embeddable":true,"href":"https:\/\/www.caririemacao.com\/1\/wp-json\/wp\/v2\/categories?post=75459"},{"taxonomy":"post_tag","embeddable":true,"href":"https:\/\/www.caririemacao.com\/1\/wp-json\/wp\/v2\/tags?post=75459"}],"curies":[{"name":"wp","href":"https:\/\/api.w.org\/{rel}","templated":true}]}}