{"id":75484,"date":"2018-12-05T12:48:28","date_gmt":"2018-12-05T15:48:28","guid":{"rendered":"http:\/\/www.caririemacao.com\/1\/?p=75484"},"modified":"2018-12-05T12:49:11","modified_gmt":"2018-12-05T15:49:11","slug":"peca-publicitaria-da-prefeitura-de-monteiro-conquista-premio-em-joao-pessoa","status":"publish","type":"post","link":"https:\/\/www.caririemacao.com\/1\/2018\/12\/05\/peca-publicitaria-da-prefeitura-de-monteiro-conquista-premio-em-joao-pessoa\/","title":{"rendered":"Pe\u00e7a publicit\u00e1ria da Prefeitura de Monteiro conquista pr\u00eamio em Jo\u00e3o Pessoa"},"content":{"rendered":"<p>Com muita criatividade e empatia, uma das pe\u00e7as publicit\u00e1rias da Ag\u00eancia Sala 10, que produz o material para a Prefeitura de Monteiro, conquistou o pr\u00eamio de 1\u00balugar na categoria Impresso Servi\u00e7o P\u00fablico dentro do Festival Chap\u00e9u de Ouro.<br \/>\nA pe\u00e7a publicit\u00e1ria da Prefeitura de Monteiro aborda o tema Setembro Amarelo, tratando da valoriza\u00e7\u00e3o da vida e preven\u00e7\u00e3o ao suic\u00eddio.<br \/>\nA ag\u00eancia Sala 10 \u00e9 um empreendimento do monteirense Victor Paiva, que tem, juntamente com sua equipe, executado um excelente trabalho nas m\u00eddias da Prefeitura Municipal de Monteiro.<br \/>\n\u201cTemos um duplo orgulho, a premia\u00e7\u00e3o do material que carrega o nome da Prefeitura e a premia\u00e7\u00e3o do nosso conterr\u00e2neo, que com uma vis\u00e3o diferenciada escolheu de forma excelente cada membro de sua equipe que empresta sua criatividade e comprometimento com os servi\u00e7os prestados\u201d, conta a prefeita Anna Lorena.<br \/>\nPara o Secret\u00e1rio de Comunica\u00e7\u00e3o, Fred Menezes, a escolha da Ag\u00eancia Sala 10 vem mais uma vez mostrar a potencialidade e a genialidade que j\u00e1 \u00e9 arraigada ao DNA dos caririzeiros monteirenses e completa \u201cEsta parceria nos alegra pelas conquistas e qualidade e tamb\u00e9m por ser esse jovem empreendedor que tamb\u00e9m honra o nome da nossa terra\u201d.<\/p>\n<p>&nbsp;<\/p>\n<p>Ascom\/Monteiro<\/p>\n","protected":false},"excerpt":{"rendered":"<p>Com muita criatividade e empatia, uma das pe\u00e7as publicit\u00e1rias da Ag\u00eancia Sala 10, que produz o material para a Prefeitura de Monteiro, conquistou o pr\u00eamio&hellip; <\/p>\n","protected":false},"author":1,"featured_media":75486,"comment_status":"closed","ping_status":"closed","sticky":false,"template":"","format":"standard","meta":{"sfsi_plus_gutenberg_text_before_share":"","sfsi_plus_gutenberg_show_text_before_share":"","sfsi_plus_gutenberg_icon_type":"","sfsi_plus_gutenberg_icon_alignemt":"","sfsi_plus_gutenburg_max_per_row":"","footnotes":""},"categories":[6],"tags":[],"class_list":["post-75484","post","type-post","status-publish","format-standard","has-post-thumbnail","hentry","category-cidades"],"_links":{"self":[{"href":"https:\/\/www.caririemacao.com\/1\/wp-json\/wp\/v2\/posts\/75484","targetHints":{"allow":["GET"]}}],"collection":[{"href":"https:\/\/www.caririemacao.com\/1\/wp-json\/wp\/v2\/posts"}],"about":[{"href":"https:\/\/www.caririemacao.com\/1\/wp-json\/wp\/v2\/types\/post"}],"author":[{"embeddable":true,"href":"https:\/\/www.caririemacao.com\/1\/wp-json\/wp\/v2\/users\/1"}],"replies":[{"embeddable":true,"href":"https:\/\/www.caririemacao.com\/1\/wp-json\/wp\/v2\/comments?post=75484"}],"version-history":[{"count":1,"href":"https:\/\/www.caririemacao.com\/1\/wp-json\/wp\/v2\/posts\/75484\/revisions"}],"predecessor-version":[{"id":75485,"href":"https:\/\/www.caririemacao.com\/1\/wp-json\/wp\/v2\/posts\/75484\/revisions\/75485"}],"wp:featuredmedia":[{"embeddable":true,"href":"https:\/\/www.caririemacao.com\/1\/wp-json\/wp\/v2\/media\/75486"}],"wp:attachment":[{"href":"https:\/\/www.caririemacao.com\/1\/wp-json\/wp\/v2\/media?parent=75484"}],"wp:term":[{"taxonomy":"category","embeddable":true,"href":"https:\/\/www.caririemacao.com\/1\/wp-json\/wp\/v2\/categories?post=75484"},{"taxonomy":"post_tag","embeddable":true,"href":"https:\/\/www.caririemacao.com\/1\/wp-json\/wp\/v2\/tags?post=75484"}],"curies":[{"name":"wp","href":"https:\/\/api.w.org\/{rel}","templated":true}]}}