{"id":75490,"date":"2018-12-05T13:00:00","date_gmt":"2018-12-05T16:00:00","guid":{"rendered":"http:\/\/www.caririemacao.com\/1\/?p=75490"},"modified":"2018-12-05T13:00:00","modified_gmt":"2018-12-05T16:00:00","slug":"prefeita-de-monteiro-recepciona-governador-e-juntos-inauguram-obras-no-municipio","status":"publish","type":"post","link":"https:\/\/www.caririemacao.com\/1\/2018\/12\/05\/prefeita-de-monteiro-recepciona-governador-e-juntos-inauguram-obras-no-municipio\/","title":{"rendered":"Prefeita de Monteiro recepciona governador e juntos inauguram obras no munic\u00edpio"},"content":{"rendered":"<p>A prefeita Anna Lorena recebeu na manh\u00e3 desta ter\u00e7a-feira, 4, o governador da Para\u00edba Ricardo Coutinho e juntos entregaram obras e servi\u00e7os que somam quase R$ 15 milh\u00f5es de investimentos.<br \/>\nAs cerim\u00f4nias de inaugura\u00e7\u00e3o tiveram in\u00edcio logo na pista de pouso do Aer\u00f3dromo de Monteiro, oportunidade que o governador entregou oficialmente a ampla reforma realizada no Aeroporto Lourival Nunes de Farias, que teve sua pista ampliada e recapiada, al\u00e9m de ganhar uma nova estrutura f\u00edsica.<br \/>\nAcompanhada de vereadores, secret\u00e1rios e populares a prefeita Anna Lorena seguiu com o governador Ricardo Coutinho para a nova sede da UEPB para inaugurar oficialmente a sede do Campus VI &#8211; Pinto de Monteiro, aonde foram investidos recursos de aproximadamente R$ 10 milh\u00f5es.<br \/>\nDurante a solenidade foram entregues ainda um caminh\u00e3o ba\u00fa frigor\u00edfico para a Associa\u00e7\u00e3o dos Pescadores do Cariri e para a CAPRIBOM foi entregue o sistema de ilumina\u00e7\u00e3o solar.<br \/>\nEm seu discurso na UEPB, a prefeita Anna Lorena agradeceu ao governador Ricardo Coutinho pelas a\u00e7\u00f5es e obras e tamb\u00e9m lamentou por n\u00e3o ter podido desfrutar mais tempo desta parceria e completou \u201cEu me sinto sim emocionada, pelo simples fato de n\u00e3o ter sido f\u00e1cil estar aqui hoje, pela conjuntura e todo mundo sabe, pela situa\u00e7\u00e3o em que esta cidade aqui politicamente vive\u201d, disse a gestora.<br \/>\nLogo ap\u00f3s a rodada de inaugura\u00e7\u00f5es e entregas, o governador concedeu entrevista no gabinete da prefeita, onde aproveitou para pontuar diversas melhorias e benef\u00edcios trazidos para a regi\u00e3o.<br \/>\nNo almo\u00e7o oferecido por Anna Lorena, a prefeita avaliou como de grande valia cada entrega realizada neste dia, e disse que o desenvolvimento foi proporcionado em v\u00e1rias \u00e1reas onde o retorno poder\u00e1 ser sentido por toda a popula\u00e7\u00e3o.<\/p>\n<p>&nbsp;<\/p>\n<p>Ascom\/MONTEIRO<\/p>\n","protected":false},"excerpt":{"rendered":"<p>A prefeita Anna Lorena recebeu na manh\u00e3 desta ter\u00e7a-feira, 4, o governador da Para\u00edba Ricardo Coutinho e juntos entregaram obras e servi\u00e7os que somam quase&hellip; <\/p>\n","protected":false},"author":1,"featured_media":75491,"comment_status":"closed","ping_status":"closed","sticky":false,"template":"","format":"standard","meta":{"sfsi_plus_gutenberg_text_before_share":"","sfsi_plus_gutenberg_show_text_before_share":"","sfsi_plus_gutenberg_icon_type":"","sfsi_plus_gutenberg_icon_alignemt":"","sfsi_plus_gutenburg_max_per_row":"","footnotes":""},"categories":[6,50],"tags":[],"class_list":["post-75490","post","type-post","status-publish","format-standard","has-post-thumbnail","hentry","category-cidades","category-destaque"],"_links":{"self":[{"href":"https:\/\/www.caririemacao.com\/1\/wp-json\/wp\/v2\/posts\/75490","targetHints":{"allow":["GET"]}}],"collection":[{"href":"https:\/\/www.caririemacao.com\/1\/wp-json\/wp\/v2\/posts"}],"about":[{"href":"https:\/\/www.caririemacao.com\/1\/wp-json\/wp\/v2\/types\/post"}],"author":[{"embeddable":true,"href":"https:\/\/www.caririemacao.com\/1\/wp-json\/wp\/v2\/users\/1"}],"replies":[{"embeddable":true,"href":"https:\/\/www.caririemacao.com\/1\/wp-json\/wp\/v2\/comments?post=75490"}],"version-history":[{"count":1,"href":"https:\/\/www.caririemacao.com\/1\/wp-json\/wp\/v2\/posts\/75490\/revisions"}],"predecessor-version":[{"id":75492,"href":"https:\/\/www.caririemacao.com\/1\/wp-json\/wp\/v2\/posts\/75490\/revisions\/75492"}],"wp:featuredmedia":[{"embeddable":true,"href":"https:\/\/www.caririemacao.com\/1\/wp-json\/wp\/v2\/media\/75491"}],"wp:attachment":[{"href":"https:\/\/www.caririemacao.com\/1\/wp-json\/wp\/v2\/media?parent=75490"}],"wp:term":[{"taxonomy":"category","embeddable":true,"href":"https:\/\/www.caririemacao.com\/1\/wp-json\/wp\/v2\/categories?post=75490"},{"taxonomy":"post_tag","embeddable":true,"href":"https:\/\/www.caririemacao.com\/1\/wp-json\/wp\/v2\/tags?post=75490"}],"curies":[{"name":"wp","href":"https:\/\/api.w.org\/{rel}","templated":true}]}}