{"id":75493,"date":"2018-12-05T13:42:49","date_gmt":"2018-12-05T16:42:49","guid":{"rendered":"http:\/\/www.caririemacao.com\/1\/?p=75493"},"modified":"2018-12-05T13:42:49","modified_gmt":"2018-12-05T16:42:49","slug":"barreiras-de-caraubas-realiza-dia-d-de-prevencao-contra-o-cancer-de-prostata","status":"publish","type":"post","link":"https:\/\/www.caririemacao.com\/1\/2018\/12\/05\/barreiras-de-caraubas-realiza-dia-d-de-prevencao-contra-o-cancer-de-prostata\/","title":{"rendered":"Barreiras de Cara\u00fabas realiza dia D de preven\u00e7\u00e3o contra o c\u00e2ncer de pr\u00f3stata"},"content":{"rendered":"<p>A Prefeitura Municipal Cara\u00fabas, atrav\u00e9s da Secretaria de Sa\u00fade, realizou na noite desta ter\u00e7a-feira (04) o dia D da Campanha de preven\u00e7\u00e3o ao c\u00e2ncer de pr\u00f3stata no distrito de Barreiras.<\/p>\n<p><img fetchpriority=\"high\" decoding=\"async\" class=\"alignnone wp-image-75502 size-full\" src=\"http:\/\/www.caririemacao.com\/1\/wp-content\/uploads\/2018\/12\/IMG_0722-20181205.jpg\" alt=\"\" width=\"1600\" height=\"1067\" srcset=\"https:\/\/www.caririemacao.com\/1\/wp-content\/uploads\/2018\/12\/IMG_0722-20181205.jpg 1600w, https:\/\/www.caririemacao.com\/1\/wp-content\/uploads\/2018\/12\/IMG_0722-20181205-300x200.jpg 300w, https:\/\/www.caririemacao.com\/1\/wp-content\/uploads\/2018\/12\/IMG_0722-20181205-768x512.jpg 768w, https:\/\/www.caririemacao.com\/1\/wp-content\/uploads\/2018\/12\/IMG_0722-20181205-1024x683.jpg 1024w\" sizes=\"(max-width: 1600px) 100vw, 1600px\" \/><\/p>\n<p>O evento mobilizou 115 homens que participaram das palestras sobre a preven\u00e7\u00e3o ao c\u00e2ncer de pr\u00f3stata. Durante a programa\u00e7\u00e3o, os homens participaram de uma caminhada pelas ruas da comunidade. A caminhada fez parte da palestra sobre sa\u00fade e atividade f\u00edsica, na sequ\u00eancia, ocorreu uma aul\u00e3o funcional em pra\u00e7a p\u00fablica com o professor Mazinho de Santa Cruz do Capibaribe.<\/p>\n<p><img decoding=\"async\" class=\"aligncenter wp-image-75496 size-full lazyload\" data-src=\"http:\/\/www.caririemacao.com\/1\/wp-content\/uploads\/2018\/12\/IMG_0618-20181205.jpg\" alt=\"\" width=\"1600\" height=\"1067\" data-srcset=\"https:\/\/www.caririemacao.com\/1\/wp-content\/uploads\/2018\/12\/IMG_0618-20181205.jpg 1600w, https:\/\/www.caririemacao.com\/1\/wp-content\/uploads\/2018\/12\/IMG_0618-20181205-300x200.jpg 300w, https:\/\/www.caririemacao.com\/1\/wp-content\/uploads\/2018\/12\/IMG_0618-20181205-768x512.jpg 768w, https:\/\/www.caririemacao.com\/1\/wp-content\/uploads\/2018\/12\/IMG_0618-20181205-1024x683.jpg 1024w\" data-sizes=\"(max-width: 1600px) 100vw, 1600px\" src=\"data:image\/svg+xml;base64,PHN2ZyB3aWR0aD0iMSIgaGVpZ2h0PSIxIiB4bWxucz0iaHR0cDovL3d3dy53My5vcmcvMjAwMC9zdmciPjwvc3ZnPg==\" style=\"--smush-placeholder-width: 1600px; --smush-placeholder-aspect-ratio: 1600\/1067;\" \/><\/p>\n<p>O momento tamb\u00e9m foi marcado pela entrega de uma ambul\u00e2ncia zero 0KM que ficar\u00e1 a disposi\u00e7\u00e3o da comunidade. A entrega foi feita pelo prefeito Silvano Dudu que na ocasi\u00e3o pediu que a popula\u00e7\u00e3o do distrito fiscalizasse o uso do ve\u00edculo que \u00e9 destinado \u00e0s emerg\u00eancias, al\u00e9m de pedir que todos zelassem pelo novo patrim\u00f4nio no distrito.<\/p>\n<p><img decoding=\"async\" class=\"aligncenter wp-image-75497 size-full lazyload\" data-src=\"http:\/\/www.caririemacao.com\/1\/wp-content\/uploads\/2018\/12\/IMG_0787-20181205.jpg\" alt=\"\" width=\"1600\" height=\"1067\" data-srcset=\"https:\/\/www.caririemacao.com\/1\/wp-content\/uploads\/2018\/12\/IMG_0787-20181205.jpg 1600w, https:\/\/www.caririemacao.com\/1\/wp-content\/uploads\/2018\/12\/IMG_0787-20181205-300x200.jpg 300w, https:\/\/www.caririemacao.com\/1\/wp-content\/uploads\/2018\/12\/IMG_0787-20181205-768x512.jpg 768w, https:\/\/www.caririemacao.com\/1\/wp-content\/uploads\/2018\/12\/IMG_0787-20181205-1024x683.jpg 1024w\" data-sizes=\"(max-width: 1600px) 100vw, 1600px\" src=\"data:image\/svg+xml;base64,PHN2ZyB3aWR0aD0iMSIgaGVpZ2h0PSIxIiB4bWxucz0iaHR0cDovL3d3dy53My5vcmcvMjAwMC9zdmciPjwvc3ZnPg==\" style=\"--smush-placeholder-width: 1600px; --smush-placeholder-aspect-ratio: 1600\/1067;\" \/><\/p>\n<p>\u201c\u00c9 com alegria que entregamos essa ambul\u00e2ncia que vai ficar a disposi\u00e7\u00e3o do distrito. Fiscalizem e zelem sobre tudo, para que mais vidas sejam salvas. As pessoas que precisarem n\u00e3o ir\u00e3o mais esperar a vinda de uma ambul\u00e2ncia da sede do munic\u00edpio para receber atendimento, \u00e9 um sonho realizado\u201d, enfatizou Silvano.<\/p>\n<p><img decoding=\"async\" class=\"alignnone size-medium wp-image-75505 lazyload\" data-src=\"http:\/\/www.caririemacao.com\/1\/wp-content\/uploads\/2018\/12\/IMG_0622-20181205-300x200.jpg\" alt=\"\" width=\"300\" height=\"200\" data-srcset=\"https:\/\/www.caririemacao.com\/1\/wp-content\/uploads\/2018\/12\/IMG_0622-20181205-300x200.jpg 300w, https:\/\/www.caririemacao.com\/1\/wp-content\/uploads\/2018\/12\/IMG_0622-20181205-768x512.jpg 768w, https:\/\/www.caririemacao.com\/1\/wp-content\/uploads\/2018\/12\/IMG_0622-20181205-1024x683.jpg 1024w, https:\/\/www.caririemacao.com\/1\/wp-content\/uploads\/2018\/12\/IMG_0622-20181205.jpg 1600w\" data-sizes=\"(max-width: 300px) 100vw, 300px\" src=\"data:image\/svg+xml;base64,PHN2ZyB3aWR0aD0iMSIgaGVpZ2h0PSIxIiB4bWxucz0iaHR0cDovL3d3dy53My5vcmcvMjAwMC9zdmciPjwvc3ZnPg==\" style=\"--smush-placeholder-width: 300px; --smush-placeholder-aspect-ratio: 300\/200;\" \/><img decoding=\"async\" class=\"alignnone size-medium wp-image-75506 lazyload\" data-src=\"http:\/\/www.caririemacao.com\/1\/wp-content\/uploads\/2018\/12\/IMG_0638-20181205-300x200.jpg\" alt=\"\" width=\"300\" height=\"200\" data-srcset=\"https:\/\/www.caririemacao.com\/1\/wp-content\/uploads\/2018\/12\/IMG_0638-20181205-300x200.jpg 300w, https:\/\/www.caririemacao.com\/1\/wp-content\/uploads\/2018\/12\/IMG_0638-20181205-768x512.jpg 768w, https:\/\/www.caririemacao.com\/1\/wp-content\/uploads\/2018\/12\/IMG_0638-20181205-1024x683.jpg 1024w, https:\/\/www.caririemacao.com\/1\/wp-content\/uploads\/2018\/12\/IMG_0638-20181205.jpg 1600w\" data-sizes=\"(max-width: 300px) 100vw, 300px\" src=\"data:image\/svg+xml;base64,PHN2ZyB3aWR0aD0iMSIgaGVpZ2h0PSIxIiB4bWxucz0iaHR0cDovL3d3dy53My5vcmcvMjAwMC9zdmciPjwvc3ZnPg==\" style=\"--smush-placeholder-width: 300px; --smush-placeholder-aspect-ratio: 300\/200;\" \/><img decoding=\"async\" class=\"alignnone size-medium wp-image-75508 lazyload\" data-src=\"http:\/\/www.caririemacao.com\/1\/wp-content\/uploads\/2018\/12\/IMG_0790-20181205-300x200.jpg\" alt=\"\" width=\"300\" height=\"200\" data-srcset=\"https:\/\/www.caririemacao.com\/1\/wp-content\/uploads\/2018\/12\/IMG_0790-20181205-300x200.jpg 300w, https:\/\/www.caririemacao.com\/1\/wp-content\/uploads\/2018\/12\/IMG_0790-20181205-768x512.jpg 768w, https:\/\/www.caririemacao.com\/1\/wp-content\/uploads\/2018\/12\/IMG_0790-20181205-1024x683.jpg 1024w, https:\/\/www.caririemacao.com\/1\/wp-content\/uploads\/2018\/12\/IMG_0790-20181205.jpg 1600w\" data-sizes=\"(max-width: 300px) 100vw, 300px\" src=\"data:image\/svg+xml;base64,PHN2ZyB3aWR0aD0iMSIgaGVpZ2h0PSIxIiB4bWxucz0iaHR0cDovL3d3dy53My5vcmcvMjAwMC9zdmciPjwvc3ZnPg==\" style=\"--smush-placeholder-width: 300px; --smush-placeholder-aspect-ratio: 300\/200;\" \/><img decoding=\"async\" class=\"alignnone size-medium wp-image-75507 lazyload\" data-src=\"http:\/\/www.caririemacao.com\/1\/wp-content\/uploads\/2018\/12\/IMG_0715-20181205-300x200.jpg\" alt=\"\" width=\"300\" height=\"200\" data-srcset=\"https:\/\/www.caririemacao.com\/1\/wp-content\/uploads\/2018\/12\/IMG_0715-20181205-300x200.jpg 300w, https:\/\/www.caririemacao.com\/1\/wp-content\/uploads\/2018\/12\/IMG_0715-20181205-768x512.jpg 768w, https:\/\/www.caririemacao.com\/1\/wp-content\/uploads\/2018\/12\/IMG_0715-20181205-1024x683.jpg 1024w, https:\/\/www.caririemacao.com\/1\/wp-content\/uploads\/2018\/12\/IMG_0715-20181205.jpg 1600w\" data-sizes=\"(max-width: 300px) 100vw, 300px\" src=\"data:image\/svg+xml;base64,PHN2ZyB3aWR0aD0iMSIgaGVpZ2h0PSIxIiB4bWxucz0iaHR0cDovL3d3dy53My5vcmcvMjAwMC9zdmciPjwvc3ZnPg==\" style=\"--smush-placeholder-width: 300px; --smush-placeholder-aspect-ratio: 300\/200;\" \/><\/p>\n<p>Ainda esteve presente no evento toda equipe de sa\u00fade da\u00a0aten\u00e7\u00e3o b\u00e1sica do munic\u00edpio, al\u00e9m dos vereadores Tomaz Aquino, Teinha da Sa\u00fade, Nero Soares e Neide Fernandes, os secret\u00e1rios Renivaldo Neves, Rony Feitosa e Eduardo Belo.<img decoding=\"async\" class=\"aligncenter wp-image-75509 size-full lazyload\" data-src=\"http:\/\/www.caririemacao.com\/1\/wp-content\/uploads\/2018\/12\/IMG_0784-20181205.jpg\" alt=\"\" width=\"1600\" height=\"1067\" data-srcset=\"https:\/\/www.caririemacao.com\/1\/wp-content\/uploads\/2018\/12\/IMG_0784-20181205.jpg 1600w, https:\/\/www.caririemacao.com\/1\/wp-content\/uploads\/2018\/12\/IMG_0784-20181205-300x200.jpg 300w, https:\/\/www.caririemacao.com\/1\/wp-content\/uploads\/2018\/12\/IMG_0784-20181205-768x512.jpg 768w, https:\/\/www.caririemacao.com\/1\/wp-content\/uploads\/2018\/12\/IMG_0784-20181205-1024x683.jpg 1024w\" data-sizes=\"(max-width: 1600px) 100vw, 1600px\" src=\"data:image\/svg+xml;base64,PHN2ZyB3aWR0aD0iMSIgaGVpZ2h0PSIxIiB4bWxucz0iaHR0cDovL3d3dy53My5vcmcvMjAwMC9zdmciPjwvc3ZnPg==\" style=\"--smush-placeholder-width: 1600px; --smush-placeholder-aspect-ratio: 1600\/1067;\" \/><\/p>\n<p>A diretora da unidade de sa\u00fade Preta Alves agradeceu os 115 participantes que atenderam o chamado da ESF, al\u00e9m de agradecer a sua equipe pelo empenho e dedica\u00e7\u00e3o pelo sucesso da campanha, e aproveitou para lan\u00e7ar a campanha natal solid\u00e1rio.<\/p>\n<h3 style=\"text-align: center;\"><a href=\"https:\/\/www.facebook.com\/pg\/CaririEmAcao\/photos\/?tab=album&amp;album_id=1422347104567975\">Veja as fotos do Novembro azul no distrito de Barreiras_ Aqui!<\/a><\/h3>\n<p><div class=\"ose- ose-uid-a9d88b60a07250a8505f70010bcd0430 ose-embedpress-responsive\" style=\"width:600px; height:550px; max-height:550px; max-width:100%; display:inline-block;\" data-embed-type=\"Facebook\"><iframe allowFullScreen=\"true\" class=\"embera-facebook-iframe-3340e lazyload\" data-src=\"https:\/\/www.facebook.com\/plugins\/post.php?href=https%3A%2F%2Fwww.facebook.com%2Fmedia%2Fset%2F%3Fset%3Da.1422347104567975%26%23038%3Btype%3D1%26%23038%3Bl%3Dafeb744bcf&width=600&height=550&show_text=true\" width=\"600\" height=\"550\" style=\"border:none;overflow:hidden\" scrolling=\"no\" frameborder=\"0\" allowTransparency=\"true\" src=\"data:image\/svg+xml;base64,PHN2ZyB3aWR0aD0iMSIgaGVpZ2h0PSIxIiB4bWxucz0iaHR0cDovL3d3dy53My5vcmcvMjAwMC9zdmciPjwvc3ZnPg==\" data-load-mode=\"1\"><\/iframe><\/div><\/p>\n<p style=\"text-align: right;\"><em><strong>Reda\u00e7\u00e3o Cariri em A\u00e7\u00e3o\u00a0<\/strong><\/em><\/p>\n","protected":false},"excerpt":{"rendered":"<p>A Prefeitura Municipal Cara\u00fabas, atrav\u00e9s da Secretaria de Sa\u00fade, realizou na noite desta ter\u00e7a-feira (04) o dia D da Campanha de preven\u00e7\u00e3o ao c\u00e2ncer de&hellip; <\/p>\n","protected":false},"author":1,"featured_media":75498,"comment_status":"closed","ping_status":"closed","sticky":false,"template":"","format":"standard","meta":{"sfsi_plus_gutenberg_text_before_share":"","sfsi_plus_gutenberg_show_text_before_share":"","sfsi_plus_gutenberg_icon_type":"","sfsi_plus_gutenberg_icon_alignemt":"","sfsi_plus_gutenburg_max_per_row":"","footnotes":""},"categories":[50,2],"tags":[],"class_list":["post-75493","post","type-post","status-publish","format-standard","has-post-thumbnail","hentry","category-destaque","category-geral"],"_links":{"self":[{"href":"https:\/\/www.caririemacao.com\/1\/wp-json\/wp\/v2\/posts\/75493","targetHints":{"allow":["GET"]}}],"collection":[{"href":"https:\/\/www.caririemacao.com\/1\/wp-json\/wp\/v2\/posts"}],"about":[{"href":"https:\/\/www.caririemacao.com\/1\/wp-json\/wp\/v2\/types\/post"}],"author":[{"embeddable":true,"href":"https:\/\/www.caririemacao.com\/1\/wp-json\/wp\/v2\/users\/1"}],"replies":[{"embeddable":true,"href":"https:\/\/www.caririemacao.com\/1\/wp-json\/wp\/v2\/comments?post=75493"}],"version-history":[{"count":2,"href":"https:\/\/www.caririemacao.com\/1\/wp-json\/wp\/v2\/posts\/75493\/revisions"}],"predecessor-version":[{"id":75520,"href":"https:\/\/www.caririemacao.com\/1\/wp-json\/wp\/v2\/posts\/75493\/revisions\/75520"}],"wp:featuredmedia":[{"embeddable":true,"href":"https:\/\/www.caririemacao.com\/1\/wp-json\/wp\/v2\/media\/75498"}],"wp:attachment":[{"href":"https:\/\/www.caririemacao.com\/1\/wp-json\/wp\/v2\/media?parent=75493"}],"wp:term":[{"taxonomy":"category","embeddable":true,"href":"https:\/\/www.caririemacao.com\/1\/wp-json\/wp\/v2\/categories?post=75493"},{"taxonomy":"post_tag","embeddable":true,"href":"https:\/\/www.caririemacao.com\/1\/wp-json\/wp\/v2\/tags?post=75493"}],"curies":[{"name":"wp","href":"https:\/\/api.w.org\/{rel}","templated":true}]}}