{"id":75494,"date":"2018-12-05T13:27:44","date_gmt":"2018-12-05T16:27:44","guid":{"rendered":"http:\/\/www.caririemacao.com\/1\/?p=75494"},"modified":"2018-12-05T15:27:07","modified_gmt":"2018-12-05T18:27:07","slug":"municipio-de-ouro-velho-e-contemplado-com-kit-para-o-conselho-tutelar","status":"publish","type":"post","link":"https:\/\/www.caririemacao.com\/1\/2018\/12\/05\/municipio-de-ouro-velho-e-contemplado-com-kit-para-o-conselho-tutelar\/","title":{"rendered":"Munic\u00edpio de Ouro Velho \u00e9 contemplado com kit para o Conselho Tutelar"},"content":{"rendered":"<p>O munic\u00edpio de Ouro Velho foi contemplado com um kit para o Conselho Tutelar, fruto de uma emenda do deputado federal, Benjamim Maranh\u00e3o.<\/p>\n<p>A prefeita do munic\u00edpio, Nat\u00e1lia Lira, disse que dentro de tr\u00eas meses os equipamentos estar\u00e3o sendo entregues a cidade.<\/p>\n<p>O vice-prefeito Fl\u00e1vio Henrique (Iki), comemorou a conquista, e parabenizou a prefeita pelo esfor\u00e7o e luta em prol de Ouro Velho.<\/p>\n<p>Ascom\/Ouro Velho<\/p>\n","protected":false},"excerpt":{"rendered":"<p>O munic\u00edpio de Ouro Velho foi contemplado com um kit para o Conselho Tutelar, fruto de uma emenda do deputado federal, Benjamim Maranh\u00e3o. A prefeita&hellip; <\/p>\n","protected":false},"author":1,"featured_media":18946,"comment_status":"closed","ping_status":"closed","sticky":false,"template":"","format":"standard","meta":{"sfsi_plus_gutenberg_text_before_share":"","sfsi_plus_gutenberg_show_text_before_share":"","sfsi_plus_gutenberg_icon_type":"","sfsi_plus_gutenberg_icon_alignemt":"","sfsi_plus_gutenburg_max_per_row":"","footnotes":""},"categories":[2],"tags":[],"class_list":["post-75494","post","type-post","status-publish","format-standard","has-post-thumbnail","hentry","category-geral"],"_links":{"self":[{"href":"https:\/\/www.caririemacao.com\/1\/wp-json\/wp\/v2\/posts\/75494","targetHints":{"allow":["GET"]}}],"collection":[{"href":"https:\/\/www.caririemacao.com\/1\/wp-json\/wp\/v2\/posts"}],"about":[{"href":"https:\/\/www.caririemacao.com\/1\/wp-json\/wp\/v2\/types\/post"}],"author":[{"embeddable":true,"href":"https:\/\/www.caririemacao.com\/1\/wp-json\/wp\/v2\/users\/1"}],"replies":[{"embeddable":true,"href":"https:\/\/www.caririemacao.com\/1\/wp-json\/wp\/v2\/comments?post=75494"}],"version-history":[{"count":2,"href":"https:\/\/www.caririemacao.com\/1\/wp-json\/wp\/v2\/posts\/75494\/revisions"}],"predecessor-version":[{"id":75525,"href":"https:\/\/www.caririemacao.com\/1\/wp-json\/wp\/v2\/posts\/75494\/revisions\/75525"}],"wp:featuredmedia":[{"embeddable":true,"href":"https:\/\/www.caririemacao.com\/1\/wp-json\/wp\/v2\/media\/18946"}],"wp:attachment":[{"href":"https:\/\/www.caririemacao.com\/1\/wp-json\/wp\/v2\/media?parent=75494"}],"wp:term":[{"taxonomy":"category","embeddable":true,"href":"https:\/\/www.caririemacao.com\/1\/wp-json\/wp\/v2\/categories?post=75494"},{"taxonomy":"post_tag","embeddable":true,"href":"https:\/\/www.caririemacao.com\/1\/wp-json\/wp\/v2\/tags?post=75494"}],"curies":[{"name":"wp","href":"https:\/\/api.w.org\/{rel}","templated":true}]}}