{"id":75500,"date":"2018-12-05T13:35:29","date_gmt":"2018-12-05T16:35:29","guid":{"rendered":"http:\/\/www.caririemacao.com\/1\/?p=75500"},"modified":"2018-12-05T13:35:29","modified_gmt":"2018-12-05T16:35:29","slug":"policial-militar-toma-celular-de-reporter-que-fazia-entrevista-na-camara-de-cabedelo","status":"publish","type":"post","link":"https:\/\/www.caririemacao.com\/1\/2018\/12\/05\/policial-militar-toma-celular-de-reporter-que-fazia-entrevista-na-camara-de-cabedelo\/","title":{"rendered":"Policial militar toma celular de rep\u00f3rter que fazia entrevista na C\u00e2mara de Cabedelo"},"content":{"rendered":"<p>Um policial militar tomou o celular e deu voz de pris\u00e3o ao rep\u00f3rter Ecliton Monteiro na tarde desta quarta-feira (5). Ele estava no exerc\u00edcio da profiss\u00e3o realizando uma cobertura ao vivo com entrevista da presidente da C\u00e2mara de Cabedelo, Geusa Ribeiro (PRP), quando foi abordado na sa\u00edda da Casa Legislativa pelo sargento Barros, da PM.<\/p>\n<p>Ap\u00f3s a repercuss\u00e3o do fato, ao vivo, durante o programa Correio Debate na r\u00e1dio Correio, o aparelho celular do rep\u00f3rter Ecliton Monteiro foi devolvido pelo policial militar.<\/p>\n<p>O sargento argumentou em conversa ao vivo com Nilvan Ferreira que tomou o celular de Ecliton porque n\u00e3o poderia ter sua imagem registrada em v\u00eddeo. Nilvan disse que n\u00e3o poderia haver censura ao trabalho do jornalista Ecliton Monteiro. O rep\u00f3rter informou que o aparelho foi devolvido ap\u00f3s o di\u00e1logo no ar entre Nilvan e o policial.<\/p>\n<p>&nbsp;<\/p>\n<p>Click PB<\/p>\n","protected":false},"excerpt":{"rendered":"<p>Um policial militar tomou o celular e deu voz de pris\u00e3o ao rep\u00f3rter Ecliton Monteiro na tarde desta quarta-feira (5). Ele estava no exerc\u00edcio da&hellip; <\/p>\n","protected":false},"author":1,"featured_media":75503,"comment_status":"closed","ping_status":"closed","sticky":false,"template":"","format":"standard","meta":{"sfsi_plus_gutenberg_text_before_share":"","sfsi_plus_gutenberg_show_text_before_share":"","sfsi_plus_gutenberg_icon_type":"","sfsi_plus_gutenberg_icon_alignemt":"","sfsi_plus_gutenburg_max_per_row":"","footnotes":""},"categories":[12],"tags":[],"class_list":["post-75500","post","type-post","status-publish","format-standard","has-post-thumbnail","hentry","category-policia"],"_links":{"self":[{"href":"https:\/\/www.caririemacao.com\/1\/wp-json\/wp\/v2\/posts\/75500","targetHints":{"allow":["GET"]}}],"collection":[{"href":"https:\/\/www.caririemacao.com\/1\/wp-json\/wp\/v2\/posts"}],"about":[{"href":"https:\/\/www.caririemacao.com\/1\/wp-json\/wp\/v2\/types\/post"}],"author":[{"embeddable":true,"href":"https:\/\/www.caririemacao.com\/1\/wp-json\/wp\/v2\/users\/1"}],"replies":[{"embeddable":true,"href":"https:\/\/www.caririemacao.com\/1\/wp-json\/wp\/v2\/comments?post=75500"}],"version-history":[{"count":1,"href":"https:\/\/www.caririemacao.com\/1\/wp-json\/wp\/v2\/posts\/75500\/revisions"}],"predecessor-version":[{"id":75504,"href":"https:\/\/www.caririemacao.com\/1\/wp-json\/wp\/v2\/posts\/75500\/revisions\/75504"}],"wp:featuredmedia":[{"embeddable":true,"href":"https:\/\/www.caririemacao.com\/1\/wp-json\/wp\/v2\/media\/75503"}],"wp:attachment":[{"href":"https:\/\/www.caririemacao.com\/1\/wp-json\/wp\/v2\/media?parent=75500"}],"wp:term":[{"taxonomy":"category","embeddable":true,"href":"https:\/\/www.caririemacao.com\/1\/wp-json\/wp\/v2\/categories?post=75500"},{"taxonomy":"post_tag","embeddable":true,"href":"https:\/\/www.caririemacao.com\/1\/wp-json\/wp\/v2\/tags?post=75500"}],"curies":[{"name":"wp","href":"https:\/\/api.w.org\/{rel}","templated":true}]}}