{"id":75510,"date":"2018-12-05T13:39:46","date_gmt":"2018-12-05T16:39:46","guid":{"rendered":"http:\/\/www.caririemacao.com\/1\/?p=75510"},"modified":"2018-12-05T13:39:46","modified_gmt":"2018-12-05T16:39:46","slug":"onu-punira-o-brasil-por-perseguicao-de-moro-contra-lula","status":"publish","type":"post","link":"https:\/\/www.caririemacao.com\/1\/2018\/12\/05\/onu-punira-o-brasil-por-perseguicao-de-moro-contra-lula\/","title":{"rendered":"ONU punir\u00e1 o Brasil por persegui\u00e7\u00e3o de Moro contra Lula"},"content":{"rendered":"<p>O jornalista Eduardo Guimar\u00e3es destaca no Blog da Cidadania que j\u00e1 circula no Comit\u00ea de Direitos Humanos da ONU em Genebra, na Su\u00ed\u00e7a, a informa\u00e7\u00e3o de que \u201cSergio Moro selou o destino do Brasil ao aceitar ser ministro de Bolsonaro. Foi a gota d\u2019\u00e1gua, diz membro do Comit\u00ea incumbido de analisar den\u00fancias que ali chegam. Para a ONU, est\u00e1 provada a den\u00fancia de Lula\u201d.<\/p>\n<p>O blogueiro relembra que a primeira den\u00fancia feita pela defesa do ex-presidente foi apresentada \u00e0 ONU em 2016 e j\u00e1 acusava Moro de violar os direitos de Lula. \u201cA defesa de Lula, ent\u00e3o, contratou um escrit\u00f3rio brit\u00e2nico especializado em direitos humanos. O advogado Geoffrey Robertson questionou a imparcialidade de Moro e desde ent\u00e3o, a defesa do ex-presidente vem argumentando que Moro condenou Lula porque tinha um projeto pol\u00edtico em mente\u201d, destaca.<\/p>\n<p>\u201cEm agosto deste ano o Comit\u00ea de Direitos Humanos da ONU concedeu liminar a Lula para que a Justi\u00e7a Eleitoral brasileira permitisse que ele fosse candidato e desse entrevistas \u00e0 imprensa. \u201cEm setembro, por\u00e9m, o Tribunal Superior Eleitoral ignorou o Tratado assinado pelo Brasil e negou a Lula o Direito que a Constitui\u00e7\u00e3o faculta a todos os brasileiros de serem considerados inocentes at\u00e9 que n\u00e3o exista mais possibilidade de recursos judiciais\u201d, ressalta Guimar\u00e3es.<\/p>\n<p>Para ele, \u201ca ades\u00e3o de Moro ao governo Bolsonaro logo ap\u00f3s ter tomado medidas como juiz, durante a campanha eleitoral, para prejudicar o candidato de Lula, Fernando Haddad, usando o nome do ex-presidente ao liberar a dela\u00e7\u00e3o de Antonio Palocci, comprova que a den\u00fancia feita por Lula em 2016 era verdadeira\u201d.<\/p>\n<p>\u201cO Brasil ser\u00e1 punido pela ONU at\u00e9 o fim do primeiro semestre de 2019. A puni\u00e7\u00e3o consistir\u00e1 em condena\u00e7\u00e3o do Estado Brasileiro (Judici\u00e1rio) por perseguir politicamente um ex-presidente da Rep\u00fablica e o ent\u00e3o l\u00edder da oposi\u00e7\u00e3o de forma a influir no processo eleitoral de 2018\u201d, diz.<\/p>\n","protected":false},"excerpt":{"rendered":"<p>O jornalista Eduardo Guimar\u00e3es destaca no Blog da Cidadania que j\u00e1 circula no Comit\u00ea de Direitos Humanos da ONU em Genebra, na Su\u00ed\u00e7a, a informa\u00e7\u00e3o&hellip; <\/p>\n","protected":false},"author":1,"featured_media":75511,"comment_status":"closed","ping_status":"closed","sticky":false,"template":"","format":"standard","meta":{"sfsi_plus_gutenberg_text_before_share":"","sfsi_plus_gutenberg_show_text_before_share":"","sfsi_plus_gutenberg_icon_type":"","sfsi_plus_gutenberg_icon_alignemt":"","sfsi_plus_gutenburg_max_per_row":"","footnotes":""},"categories":[11],"tags":[],"class_list":["post-75510","post","type-post","status-publish","format-standard","has-post-thumbnail","hentry","category-politica"],"_links":{"self":[{"href":"https:\/\/www.caririemacao.com\/1\/wp-json\/wp\/v2\/posts\/75510","targetHints":{"allow":["GET"]}}],"collection":[{"href":"https:\/\/www.caririemacao.com\/1\/wp-json\/wp\/v2\/posts"}],"about":[{"href":"https:\/\/www.caririemacao.com\/1\/wp-json\/wp\/v2\/types\/post"}],"author":[{"embeddable":true,"href":"https:\/\/www.caririemacao.com\/1\/wp-json\/wp\/v2\/users\/1"}],"replies":[{"embeddable":true,"href":"https:\/\/www.caririemacao.com\/1\/wp-json\/wp\/v2\/comments?post=75510"}],"version-history":[{"count":1,"href":"https:\/\/www.caririemacao.com\/1\/wp-json\/wp\/v2\/posts\/75510\/revisions"}],"predecessor-version":[{"id":75517,"href":"https:\/\/www.caririemacao.com\/1\/wp-json\/wp\/v2\/posts\/75510\/revisions\/75517"}],"wp:featuredmedia":[{"embeddable":true,"href":"https:\/\/www.caririemacao.com\/1\/wp-json\/wp\/v2\/media\/75511"}],"wp:attachment":[{"href":"https:\/\/www.caririemacao.com\/1\/wp-json\/wp\/v2\/media?parent=75510"}],"wp:term":[{"taxonomy":"category","embeddable":true,"href":"https:\/\/www.caririemacao.com\/1\/wp-json\/wp\/v2\/categories?post=75510"},{"taxonomy":"post_tag","embeddable":true,"href":"https:\/\/www.caririemacao.com\/1\/wp-json\/wp\/v2\/tags?post=75510"}],"curies":[{"name":"wp","href":"https:\/\/api.w.org\/{rel}","templated":true}]}}