{"id":75526,"date":"2018-12-05T15:30:09","date_gmt":"2018-12-05T18:30:09","guid":{"rendered":"http:\/\/www.caririemacao.com\/1\/?p=75526"},"modified":"2018-12-05T15:30:09","modified_gmt":"2018-12-05T18:30:09","slug":"presidente-do-bc-defende-autonomia-do-banco-em-audiencia-no-senado","status":"publish","type":"post","link":"https:\/\/www.caririemacao.com\/1\/2018\/12\/05\/presidente-do-bc-defende-autonomia-do-banco-em-audiencia-no-senado\/","title":{"rendered":"Presidente do BC defende autonomia do banco em audi\u00eancia no Senado"},"content":{"rendered":"<p>O presidente do Banco Central (BC), Ilan Goldfajn, defendeu hoje (5) a autonomia da institui\u00e7\u00e3o, com defini\u00e7\u00e3o de mandatos com prazo fixo para a diretoria. Goldfajn participou nesta manha de audi\u00eancia p\u00fablica na Comiss\u00e3o de Assuntos Econ\u00f4micos do Senado.<\/p>\n<p>\u201cO mais importante \u00e9 ter um a mandato para presidente do Banco Central e para os diretores que n\u00e3o seja coincidente com o de presidente da Rep\u00fablica. N\u00e3o \u00e9 saud\u00e1vel para uma sociedade mudar tudo ao mesmo tempo\u201d, disse, acrescentando que \u00e9 preciso ter regras para entrada e sa\u00edda da diretoria.<\/p>\n<p>A autonomia \u00e9 um dos projetos que est\u00e3o em tramita\u00e7\u00e3o no Congresso Nacional defendidos pelo BC em sua agenda de reformas.<\/p>\n<div class=\"dnd-widget-wrapper context-grande_6colunas type-image atom-align-left\">\n<div class=\"dnd-atom-rendered\">\n<figure class=\"mejs-fotoh-wrapper\"><img decoding=\"async\" class=\"img-responsive full full lazyload\" title=\"Antonio Cruz\/ Ag\u00eancia Brasil\" data-src=\"http:\/\/imagens.ebc.com.br\/Ct7FYYzxs9q2X0J83aXH1rfGvpM=\/463x0\/smart\/http:\/\/agenciabrasil.ebc.com.br\/sites\/default\/files\/thumbnails\/image\/antcrz_abr_0512188067df.jpg?itok=LDlM23zM\" alt=\"O presidente do Banco Central, Ilan Goldfajn fala sobre pol\u00edtica monet\u00e1ria e economia na Comiss\u00e3o de Assuntos  Econ\u00f4micos do Senado.\" src=\"data:image\/svg+xml;base64,PHN2ZyB3aWR0aD0iMSIgaGVpZ2h0PSIxIiB4bWxucz0iaHR0cDovL3d3dy53My5vcmcvMjAwMC9zdmciPjwvc3ZnPg==\" \/><\/figure>\n<\/div>\n<div class=\"dnd-caption-wrapper\">\n<h5 class=\"meta\">Goldfajn pretende ficar na presid\u00eancia do BC at\u00e9 que o nome do economista Roberto Campos Neto, indicado pelo governo eleito, seja aprovado no Senado.<\/h5>\n<\/div>\n<\/div>\n<p>O presidente do BC chegou a ser convidado a permanecer no cargo pelo governo eleito, mas alegou quest\u00f5es pessoais para deixar a presid\u00eancia da autarquia. \u201cA minha decis\u00e3o foi de ordem pessoal. Tenho todo respeito e admira\u00e7\u00e3o pelo novo governo. Os sinais transmitidos s\u00e3o na dire\u00e7\u00e3o correta. Eu vim do setor privado e resolvi voltar \u00e0s origens\u201d, disse aos senadores.<\/p>\n<p>\u201cSe tiv\u00e9ssemos aprovado um mandato fixo antes, talvez essa quest\u00e3o de sair por raz\u00f5es pessoais n\u00e3o se colocasse\u201d, acrescentou. Entretanto, Goldfajn disse que sempre defendeu a autonomia do BC n\u00e3o para uso pr\u00f3prio, mas para a pr\u00f3xima diretoria. \u201cN\u00e3o \u00e9 uma autonomia para fazer o que quiser. \u00c9 uma autonomia para perseguir as metas decididas pelo governo. \u00c9 uma autonomia operacional s\u00f3. E isso existe no mundo todo\u201d, destacou.<\/p>\n<p>&nbsp;<\/p>\n<p>EBC<\/p>\n","protected":false},"excerpt":{"rendered":"<p>O presidente do Banco Central (BC), Ilan Goldfajn, defendeu hoje (5) a autonomia da institui\u00e7\u00e3o, com defini\u00e7\u00e3o de mandatos com prazo fixo para a diretoria.&hellip; <\/p>\n","protected":false},"author":1,"featured_media":75527,"comment_status":"closed","ping_status":"closed","sticky":false,"template":"","format":"standard","meta":{"sfsi_plus_gutenberg_text_before_share":"","sfsi_plus_gutenberg_show_text_before_share":"","sfsi_plus_gutenberg_icon_type":"","sfsi_plus_gutenberg_icon_alignemt":"","sfsi_plus_gutenburg_max_per_row":"","footnotes":""},"categories":[11],"tags":[],"class_list":["post-75526","post","type-post","status-publish","format-standard","has-post-thumbnail","hentry","category-politica"],"_links":{"self":[{"href":"https:\/\/www.caririemacao.com\/1\/wp-json\/wp\/v2\/posts\/75526","targetHints":{"allow":["GET"]}}],"collection":[{"href":"https:\/\/www.caririemacao.com\/1\/wp-json\/wp\/v2\/posts"}],"about":[{"href":"https:\/\/www.caririemacao.com\/1\/wp-json\/wp\/v2\/types\/post"}],"author":[{"embeddable":true,"href":"https:\/\/www.caririemacao.com\/1\/wp-json\/wp\/v2\/users\/1"}],"replies":[{"embeddable":true,"href":"https:\/\/www.caririemacao.com\/1\/wp-json\/wp\/v2\/comments?post=75526"}],"version-history":[{"count":1,"href":"https:\/\/www.caririemacao.com\/1\/wp-json\/wp\/v2\/posts\/75526\/revisions"}],"predecessor-version":[{"id":75528,"href":"https:\/\/www.caririemacao.com\/1\/wp-json\/wp\/v2\/posts\/75526\/revisions\/75528"}],"wp:featuredmedia":[{"embeddable":true,"href":"https:\/\/www.caririemacao.com\/1\/wp-json\/wp\/v2\/media\/75527"}],"wp:attachment":[{"href":"https:\/\/www.caririemacao.com\/1\/wp-json\/wp\/v2\/media?parent=75526"}],"wp:term":[{"taxonomy":"category","embeddable":true,"href":"https:\/\/www.caririemacao.com\/1\/wp-json\/wp\/v2\/categories?post=75526"},{"taxonomy":"post_tag","embeddable":true,"href":"https:\/\/www.caririemacao.com\/1\/wp-json\/wp\/v2\/tags?post=75526"}],"curies":[{"name":"wp","href":"https:\/\/api.w.org\/{rel}","templated":true}]}}