{"id":75529,"date":"2018-12-05T15:34:22","date_gmt":"2018-12-05T18:34:22","guid":{"rendered":"http:\/\/www.caririemacao.com\/1\/?p=75529"},"modified":"2018-12-05T15:34:22","modified_gmt":"2018-12-05T18:34:22","slug":"40-das-criancas-tem-doencas-respiratorias","status":"publish","type":"post","link":"https:\/\/www.caririemacao.com\/1\/2018\/12\/05\/40-das-criancas-tem-doencas-respiratorias\/","title":{"rendered":"40% das crian\u00e7as t\u00eam doen\u00e7as respirat\u00f3rias"},"content":{"rendered":"<p>Quarenta por cento das crian\u00e7as que vivem nas grandes cidades do Brasil apresentam alergias respirat\u00f3rias. Os dados s\u00e3o da Associa\u00e7\u00e3o Brasileira de Alergia e Imunopatologia que estima ainda que cerca de 30% de todas as crian\u00e7as com 6 e 7 anos tem rinite al\u00e9rgica e 15%, asma. J\u00e1 um relat\u00f3rio divulgado no m\u00eas de outubro desse ano pela Organiza\u00e7\u00e3o Mundial de Sa\u00fade (OMS) mostra que 93% das crian\u00e7as e adolescentes respiram ar com n\u00edvel de part\u00edculas acima do que \u00e9 considerado recomend\u00e1vel para a sa\u00fade.<\/p>\n<p>O m\u00e9dico alergologista da rede Hapvida, Roberto Lacerda, destaca as causas para o aumento das crises al\u00e9rgicas na primeira inf\u00e2ncia. Ele explica que al\u00e9m da polui\u00e7\u00e3o causada principalmente pelos ve\u00edculos, a alta concentra\u00e7\u00e3o de \u00e1caros no ambiente e a heran\u00e7a gen\u00e9tica s\u00e3o fatores determinantes para o surgimento das alergias.<\/p>\n<p>\u201cOs carros e principalmente os \u00f4nibus que circulam pelas grandes vias levam ao ar part\u00edculas al\u00e9rginas e inflamat\u00f3rias, principalmente o mon\u00f3xido de carbono, di\u00f3xido de carbono e enxofre. Isso leva ao aumento de alergias respirat\u00f3rias, principalmente a rinite al\u00e9rgica, a sinusite al\u00e9rgica e a bronquite al\u00e9rgica que \u00e9 a asma, mas, al\u00e9m disso, pode causar, em longo prazo, o c\u00e2ncer de pulm\u00e3o, um dos mais comuns na popula\u00e7\u00e3o\u201d, alerta.<\/p>\n<p>O m\u00e9dico explica que a incid\u00eancia das alergias em crian\u00e7as tamb\u00e9m acontece por conta da n\u00e3o forma\u00e7\u00e3o completa do sistema imunol\u00f3gico e do desenvolvimento do pulm\u00e3o que \u00e9 gradativo durante sua inf\u00e2ncia. \u201cPor isso que as crian\u00e7as adoecem muito mais que os adultos. E esses processos inflamat\u00f3rios adquiridos pelas crian\u00e7as s\u00e3o as causas principais do aumento das alergias respirat\u00f3rias\u201d, ressalta.<\/p>\n<p>De acordo com o especialista, 80% dos casos de asma come\u00e7am na inf\u00e2ncia, destacando que a doen\u00e7a tamb\u00e9m pode aparecer em adultos. \u201cVamos imaginar que dentro da gente tem de tr\u00eas a quatro quilos de bact\u00e9rias. O sistema imunol\u00f3gico \u00e9 t\u00e3o perfeito que ele fica fazendo uma varredura para bact\u00e9rias, v\u00edrus, fungos, al\u00e9ginos, irritantes, c\u00e9lulas cancer\u00edgenas. Adquirimos alguma doen\u00e7a quando esse sistema imunol\u00f3gico apresenta uma falha\u201d, frisa.<\/p>\n<p>Segundo o m\u00e9dico, o fator gen\u00e9tico tamb\u00e9m \u00e9 um grande desencadeador de alergias. Conforme explicou, se o pai \u00e9 al\u00e9rgico, o filho ter\u00e1 40% de chance de tamb\u00e9m apresentar algum tipo de alergia. Se a m\u00e3e for, esse \u00edndice sobe para 60%. Se o casal for al\u00e9rgico o \u00edndice passa a ser de 90%. Se nenhum dos dois for al\u00e9rgico, a probabilidade \u00e9 de 15%.<\/p>\n<p><strong>Alerta<\/strong><\/p>\n<p>O alergologista Roberto Lacerda chama aten\u00e7\u00e3o para a polui\u00e7\u00e3o n\u00e3o causar apenas alergias. De acordo com o especialista, ela provoca tamb\u00e9m c\u00e2ncer, arritmia, infarto e AVC. A pesquisa da OMS mostrou ainda que no Brasil, 50 mil pessoas morrem por ano de doen\u00e7as relacionadas \u00e0 polui\u00e7\u00e3o do ar. \u201cSabe-se hoje que a polui\u00e7\u00e3o nas grandes cidades tem aumentado muito e, consequentemente, levado ao aumento da incid\u00eancia de morte provocada por essas doen\u00e7as\u201d, afirma.<\/p>\n<p>Contudo, para o m\u00e9dico, a popula\u00e7\u00e3o de grandes cidades que ficam situadas no litoral, como Jo\u00e3o Pessoa, tem uma grande vantagem perante as cidades do interior, pois a brisa do mar consegue dispersar parte dos poluentes ambientais.<\/p>\n<p><strong>MaisPB<\/strong><\/p>\n","protected":false},"excerpt":{"rendered":"<p>Quarenta por cento das crian\u00e7as que vivem nas grandes cidades do Brasil apresentam alergias respirat\u00f3rias. Os dados s\u00e3o da Associa\u00e7\u00e3o Brasileira de Alergia e Imunopatologia&hellip; <\/p>\n","protected":false},"author":1,"featured_media":75530,"comment_status":"closed","ping_status":"closed","sticky":false,"template":"","format":"standard","meta":{"sfsi_plus_gutenberg_text_before_share":"","sfsi_plus_gutenberg_show_text_before_share":"","sfsi_plus_gutenberg_icon_type":"","sfsi_plus_gutenberg_icon_alignemt":"","sfsi_plus_gutenburg_max_per_row":"","footnotes":""},"categories":[16],"tags":[],"class_list":["post-75529","post","type-post","status-publish","format-standard","has-post-thumbnail","hentry","category-saude"],"_links":{"self":[{"href":"https:\/\/www.caririemacao.com\/1\/wp-json\/wp\/v2\/posts\/75529","targetHints":{"allow":["GET"]}}],"collection":[{"href":"https:\/\/www.caririemacao.com\/1\/wp-json\/wp\/v2\/posts"}],"about":[{"href":"https:\/\/www.caririemacao.com\/1\/wp-json\/wp\/v2\/types\/post"}],"author":[{"embeddable":true,"href":"https:\/\/www.caririemacao.com\/1\/wp-json\/wp\/v2\/users\/1"}],"replies":[{"embeddable":true,"href":"https:\/\/www.caririemacao.com\/1\/wp-json\/wp\/v2\/comments?post=75529"}],"version-history":[{"count":1,"href":"https:\/\/www.caririemacao.com\/1\/wp-json\/wp\/v2\/posts\/75529\/revisions"}],"predecessor-version":[{"id":75531,"href":"https:\/\/www.caririemacao.com\/1\/wp-json\/wp\/v2\/posts\/75529\/revisions\/75531"}],"wp:featuredmedia":[{"embeddable":true,"href":"https:\/\/www.caririemacao.com\/1\/wp-json\/wp\/v2\/media\/75530"}],"wp:attachment":[{"href":"https:\/\/www.caririemacao.com\/1\/wp-json\/wp\/v2\/media?parent=75529"}],"wp:term":[{"taxonomy":"category","embeddable":true,"href":"https:\/\/www.caririemacao.com\/1\/wp-json\/wp\/v2\/categories?post=75529"},{"taxonomy":"post_tag","embeddable":true,"href":"https:\/\/www.caririemacao.com\/1\/wp-json\/wp\/v2\/tags?post=75529"}],"curies":[{"name":"wp","href":"https:\/\/api.w.org\/{rel}","templated":true}]}}