{"id":75532,"date":"2018-12-05T15:37:25","date_gmt":"2018-12-05T18:37:25","guid":{"rendered":"http:\/\/www.caririemacao.com\/1\/?p=75532"},"modified":"2018-12-05T15:37:25","modified_gmt":"2018-12-05T18:37:25","slug":"poetisa-de-camalau-tomara-posse-na-academia-paraibana-de-poesia","status":"publish","type":"post","link":"https:\/\/www.caririemacao.com\/1\/2018\/12\/05\/poetisa-de-camalau-tomara-posse-na-academia-paraibana-de-poesia\/","title":{"rendered":"POETISA DE CAMALA\u00da TOMAR\u00c1 POSSE NA ACADEMIA PARAIBANA DE POESIA"},"content":{"rendered":"<p>Est\u00e1 confirma a posse da poetisa camalauense Ang\u00e9lica Costa, na Academia Paraibana de Poesia.<\/p>\n<p>A solenidade ocorrer\u00e1 no pr\u00f3ximo dia 07 de dezembro de 2018 \u00e0s 19 horas na sede da APP em Jo\u00e3o Pessoa.<\/p>\n<p>Ana Ang\u00e9lica da Costa nasceu aos 16\/12\/1966, filha de Manoel Ara\u00fajo da Costa e Marina Viana da Costa, natural de Monteiro- PB,e radicalizada na cidade de Camala\u00fa \u2013 PB.<\/p>\n<p>Divorciada, cursando Letras\/ Espanhol na Universidade Estadual da Para\u00edba- UEPB.<\/p>\n<p>Duas obras solo lan\u00e7adas e tr\u00eas Antologias, sendo que uma das Antologias foi lan\u00e7ada em Portugal \u2013 Espanha.<\/p>\n<p>Acad\u00eamica, Academia Paraibana de Poesia-APP cadeira n\u00b0 5 Patrono Augusto dos Anjos e Academia de Ci\u00eancias Artes e Letras do Brasil- ACLIBRAS.<\/p>\n<p>Participa\u00e7\u00e3o em Festivais, Ministro Palestras, recebi T\u00edtulo de\u201d Mo\u00e7\u00e3o de Aplausos\u201d C\u00e2mara Municipal de Camala\u00fa-PB e de S\u00f3cio Honor\u00e1rio do Instituto Hist\u00f3rico e Geogr\u00e1fico do Cariri Paraibano- IHGP.<\/p>\n<p>&nbsp;<\/p>\n<p><strong>F\u00c1BIO BRITO<\/strong><\/p>\n","protected":false},"excerpt":{"rendered":"<p>Est\u00e1 confirma a posse da poetisa camalauense Ang\u00e9lica Costa, na Academia Paraibana de Poesia. A solenidade ocorrer\u00e1 no pr\u00f3ximo dia 07 de dezembro de 2018&hellip; <\/p>\n","protected":false},"author":1,"featured_media":75533,"comment_status":"closed","ping_status":"closed","sticky":false,"template":"","format":"standard","meta":{"sfsi_plus_gutenberg_text_before_share":"","sfsi_plus_gutenberg_show_text_before_share":"","sfsi_plus_gutenberg_icon_type":"","sfsi_plus_gutenberg_icon_alignemt":"","sfsi_plus_gutenburg_max_per_row":"","footnotes":""},"categories":[14],"tags":[],"class_list":["post-75532","post","type-post","status-publish","format-standard","has-post-thumbnail","hentry","category-educacao"],"_links":{"self":[{"href":"https:\/\/www.caririemacao.com\/1\/wp-json\/wp\/v2\/posts\/75532","targetHints":{"allow":["GET"]}}],"collection":[{"href":"https:\/\/www.caririemacao.com\/1\/wp-json\/wp\/v2\/posts"}],"about":[{"href":"https:\/\/www.caririemacao.com\/1\/wp-json\/wp\/v2\/types\/post"}],"author":[{"embeddable":true,"href":"https:\/\/www.caririemacao.com\/1\/wp-json\/wp\/v2\/users\/1"}],"replies":[{"embeddable":true,"href":"https:\/\/www.caririemacao.com\/1\/wp-json\/wp\/v2\/comments?post=75532"}],"version-history":[{"count":1,"href":"https:\/\/www.caririemacao.com\/1\/wp-json\/wp\/v2\/posts\/75532\/revisions"}],"predecessor-version":[{"id":75534,"href":"https:\/\/www.caririemacao.com\/1\/wp-json\/wp\/v2\/posts\/75532\/revisions\/75534"}],"wp:featuredmedia":[{"embeddable":true,"href":"https:\/\/www.caririemacao.com\/1\/wp-json\/wp\/v2\/media\/75533"}],"wp:attachment":[{"href":"https:\/\/www.caririemacao.com\/1\/wp-json\/wp\/v2\/media?parent=75532"}],"wp:term":[{"taxonomy":"category","embeddable":true,"href":"https:\/\/www.caririemacao.com\/1\/wp-json\/wp\/v2\/categories?post=75532"},{"taxonomy":"post_tag","embeddable":true,"href":"https:\/\/www.caririemacao.com\/1\/wp-json\/wp\/v2\/tags?post=75532"}],"curies":[{"name":"wp","href":"https:\/\/api.w.org\/{rel}","templated":true}]}}