{"id":75535,"date":"2018-12-05T15:42:33","date_gmt":"2018-12-05T18:42:33","guid":{"rendered":"http:\/\/www.caririemacao.com\/1\/?p=75535"},"modified":"2018-12-05T15:42:33","modified_gmt":"2018-12-05T18:42:33","slug":"prb-se-reune-com-presidente-eleito-jair-bolsonaro","status":"publish","type":"post","link":"https:\/\/www.caririemacao.com\/1\/2018\/12\/05\/prb-se-reune-com-presidente-eleito-jair-bolsonaro\/","title":{"rendered":"PRB SE RE\u00daNE COM PRESIDENTE ELEITO JAIR BOLSONARO"},"content":{"rendered":"<p dir=\"ltr\"><span id=\"x_m_5103008600559462041m_-1257372576446391415gmail-docs-internal-guid-d34a5895-7fff-70e9-2d41-f7c89c41cb57\">Ao lado da bancada federal do PRB, os deputados federais eleitos, Silvio Costa Filho (PRB) e Ossesio Silva (PRB), se reuniram, nesta ter\u00e7a-feira (04), com o presidente eleito Jair Bolsonaro (PSL). Durante o encontro, que aconteceu no gabinete de transi\u00e7\u00e3o, em Bras\u00edlia, o presidente apresentou as ideias e propostas, no sentido de fortalecer o di\u00e1logo com o Congresso Nacional. Ele tamb\u00e9m destacou como prioridades, a reforma da previd\u00eancia, um novo pacto federativo, a retomada do crescimento econ\u00f4mico e o investimento p\u00fablico, al\u00e9m da constru\u00e7\u00e3o de uma nova agenda para o Pa\u00eds.<\/span><\/p>\n<p dir=\"ltr\"><span id=\"x_m_5103008600559462041m_-1257372576446391415gmail-docs-internal-guid-d34a5895-7fff-70e9-2d41-f7c89c41cb57\">Para o presidente estadual do PRB, o deputado federal eleito Silvio Costa Filho, a reuni\u00e3o serviu para o partido ouvir o presidente eleito. \u201cPude perceber nas palavras do presidente Bolsonaro, muita sinceridade no que ele est\u00e1 propondo para o Brasil. Acredito que ele est\u00e1 bem intencionado a fazer com que o Pa\u00eds volte a crescer e a gerar oportunidades. O presidente est\u00e1 certo em acabar com o toma l\u00e1, d\u00e1 c\u00e1, porque percebo que a pr\u00f3pria classe pol\u00edtica precisa refletir sobre o novo momento que o Brasil precisa viver. Defendo que a nossa rela\u00e7\u00e3o com o Governo Federal precisa se basear dentro de uma agenda program\u00e1tica para o Pa\u00eds. Todas as vezes que os projetos forem bons para o Brasil e para Pernambuco, votarei favor\u00e1vel, defendendo aquilo que acredito\u201d, destacou Silvio.<\/span><\/p>\n<p dir=\"ltr\"><span id=\"x_m_5103008600559462041m_-1257372576446391415gmail-docs-internal-guid-d34a5895-7fff-70e9-2d41-f7c89c41cb57\">Segundo o deputado eleito Ossesio Silva (PRB), \u201cO encontro serviu para fortalecer e estreitar os la\u00e7os republicanos com as ideias do novo presidente. Al\u00e9m de dar nossa contribui\u00e7\u00e3o para a discuss\u00e3o de pautas que abordem a retomada da economia do pa\u00eds e as dificuldades que iremos enfrentar\u201d, afirmou Ossesio.<\/span><\/p>\n<p dir=\"ltr\"><span id=\"x_m_5103008600559462041m_-1257372576446391415gmail-docs-internal-guid-d34a5895-7fff-70e9-2d41-f7c89c41cb57\">Bolsonaro tamb\u00e9m destacou no encontro que, pretende fortalecer o trabalho dos parlamentares nos respectivos Estados e que eles ser\u00e3o valorizados pelo Governo Federal, garantindo que n\u00e3o ter\u00e3o mais minist\u00e9rios do partido A ou partido B, mas sim, minist\u00e9rios que atender\u00e3o todos os deputados, independente do seu partido pol\u00edtico.<\/span><\/p>\n<p dir=\"ltr\"><span id=\"x_m_5103008600559462041m_-1257372576446391415gmail-docs-internal-guid-d34a5895-7fff-70e9-2d41-f7c89c41cb57\">Na reuni\u00e3o, a bancada federal do PRB garantiu que a legenda ficar\u00e1 independente, mas vai contribuir para o desenvolvimento social, econ\u00f4mico e nas discuss\u00f5es de temas importantes para o Pa\u00eds, trabalhando para ajudar na governabilidade, dentro de uma agenda program\u00e1tica que fortale\u00e7a o crescimento e a gera\u00e7\u00e3o de emprego.<\/span><\/p>\n<p dir=\"ltr\">Tribuna do Moxot\u00f3<\/p>\n","protected":false},"excerpt":{"rendered":"<p>Ao lado da bancada federal do PRB, os deputados federais eleitos, Silvio Costa Filho (PRB) e Ossesio Silva (PRB), se reuniram, nesta ter\u00e7a-feira (04), com&hellip; <\/p>\n","protected":false},"author":1,"featured_media":75539,"comment_status":"closed","ping_status":"closed","sticky":false,"template":"","format":"standard","meta":{"sfsi_plus_gutenberg_text_before_share":"","sfsi_plus_gutenberg_show_text_before_share":"","sfsi_plus_gutenberg_icon_type":"","sfsi_plus_gutenberg_icon_alignemt":"","sfsi_plus_gutenburg_max_per_row":"","footnotes":""},"categories":[11],"tags":[],"class_list":["post-75535","post","type-post","status-publish","format-standard","has-post-thumbnail","hentry","category-politica"],"_links":{"self":[{"href":"https:\/\/www.caririemacao.com\/1\/wp-json\/wp\/v2\/posts\/75535","targetHints":{"allow":["GET"]}}],"collection":[{"href":"https:\/\/www.caririemacao.com\/1\/wp-json\/wp\/v2\/posts"}],"about":[{"href":"https:\/\/www.caririemacao.com\/1\/wp-json\/wp\/v2\/types\/post"}],"author":[{"embeddable":true,"href":"https:\/\/www.caririemacao.com\/1\/wp-json\/wp\/v2\/users\/1"}],"replies":[{"embeddable":true,"href":"https:\/\/www.caririemacao.com\/1\/wp-json\/wp\/v2\/comments?post=75535"}],"version-history":[{"count":1,"href":"https:\/\/www.caririemacao.com\/1\/wp-json\/wp\/v2\/posts\/75535\/revisions"}],"predecessor-version":[{"id":75540,"href":"https:\/\/www.caririemacao.com\/1\/wp-json\/wp\/v2\/posts\/75535\/revisions\/75540"}],"wp:featuredmedia":[{"embeddable":true,"href":"https:\/\/www.caririemacao.com\/1\/wp-json\/wp\/v2\/media\/75539"}],"wp:attachment":[{"href":"https:\/\/www.caririemacao.com\/1\/wp-json\/wp\/v2\/media?parent=75535"}],"wp:term":[{"taxonomy":"category","embeddable":true,"href":"https:\/\/www.caririemacao.com\/1\/wp-json\/wp\/v2\/categories?post=75535"},{"taxonomy":"post_tag","embeddable":true,"href":"https:\/\/www.caririemacao.com\/1\/wp-json\/wp\/v2\/tags?post=75535"}],"curies":[{"name":"wp","href":"https:\/\/api.w.org\/{rel}","templated":true}]}}