{"id":75543,"date":"2018-12-05T22:43:07","date_gmt":"2018-12-06T01:43:07","guid":{"rendered":"http:\/\/www.caririemacao.com\/1\/?p=75543"},"modified":"2018-12-05T22:43:07","modified_gmt":"2018-12-06T01:43:07","slug":"prefeito-de-caraubas-emite-nota-e-diz-que-oposicao-tenta-justificar-fracasso-eleitoral-com-denuncias-infundadas","status":"publish","type":"post","link":"https:\/\/www.caririemacao.com\/1\/2018\/12\/05\/prefeito-de-caraubas-emite-nota-e-diz-que-oposicao-tenta-justificar-fracasso-eleitoral-com-denuncias-infundadas\/","title":{"rendered":"Prefeito de Cara\u00fabas emite nota e diz que oposi\u00e7\u00e3o tenta justificar fracasso eleitoral com den\u00fancias infundadas"},"content":{"rendered":"<p>O Prefeito da cidade de Cara\u00fabas, atrav\u00e9s de sua assessoria, emitiu uma nota de esclarecimento sobre a den\u00fancia veiculada e feita pelo l\u00edder da oposi\u00e7\u00e3o, Jos\u00e9 Josimar (Bazoca) acerca de uso de ve\u00edculos do governo em benef\u00edcio de familiares do gestor.<\/p>\n<p><strong>Confira a nota na \u00edntegra:<\/strong><\/p>\n<p><em>Caros amigos e amigas do munic\u00edpio de Cara\u00fabas \u2013 PB,<\/em><\/p>\n<p><em>Venho por meio deste e na condi\u00e7\u00e3o de gestor do munic\u00edpio de Cara\u00fabas, Estado da Para\u00edba, esclarecer os fatos narrados atrav\u00e9s de DEN\u00daNCIA realizada atrav\u00e9s de sites, blogs e emissoras de r\u00e1dio, bem como, nas m\u00eddias sociais que atentam contra a minha imagem de homem p\u00fablico, bem como, tentam denegrir nossa gest\u00e3o municipalista.<\/em><\/p>\n<p><em>O Senhor vereador oposicionista, Jos\u00e9 Josimar Ferreira(BAZOCA) tenta de todas as formas justificar o fracasso do processo eleitoral e n\u00e3o aceita as a\u00e7\u00f5es implementadas e implantadas pelo Poder P\u00fablico Municipal. \u00c9 not\u00f3rio o \u00f3dio, o rancor, a inveja e o pessimismo, de uma pessoa que se diz representante do povo atentando contra a administra\u00e7\u00e3o p\u00fablica.<\/em><\/p>\n<p><em>No \u00faltimo s\u00e1bado, dia 01 de dezembro de 2018, a comunidade de Barriguda dos Frades, neste munic\u00edpio, estava comemorando desde o dia 27\/11, a tradicional festa de Nossa Senhora das Gra\u00e7as, padroeira daquela localidade. Pois bem, a PREFEITURA MUNICIPAL DE CARA\u00daBAS sempre parceira dos eventos municipais estava apoiando a iniciativa da comunidade e em parceria com a igreja cat\u00f3lica promove em todas as comunidades rural e urbana a festa social.<\/em><\/p>\n<p><em>O deslocamento a essas comunidades se faz necess\u00e1rio, haja vista, que toda estrutura da festa \u00e9 de responsabilidade do munic\u00edpio. O ve\u00edculo a que se refere o senhor vereador denunciante, nunca foi lotado na secretaria da sa\u00fade, mas sim na Administra\u00e7\u00e3o, placa OYV\/8877(Gol). Trata-se de um ve\u00edculo locado para servir a gest\u00e3o p\u00fablica municipal em qualquer ocasi\u00e3o. N\u00e3o vejo nenhum fato impeditivo de deslocamento de uma equipe de trabalho, formada por pessoas da SETur(Secretaria do Turismo), nem t\u00e3o pouco, il\u00edcito que atente contra a Administra\u00e7\u00e3o P\u00fablica neste caso, uma vez que o deslocamento se d\u00e1 a servi\u00e7o do munic\u00edpio e dentro dos limites territoriais.<\/em><\/p>\n<p><em>Outro fato que me chamou a aten\u00e7\u00e3o \u00e9 que o denunciante, por total falta de conhecimento, filma o ve\u00edculo SPIN de placa OGB\/7932, de propriedade da Prefeitura e lotado na Secretaria da Educa\u00e7\u00e3o, que se encontrava na ocasi\u00e3o a servi\u00e7o do Gabinete do Prefeito. Pois bem, os ve\u00edculos oficiais podem ser conduzidos somente por servidor municipal devidamente habilitado (ocupante ou n\u00e3o de cargo de motorista), com a Carteira Nacional de Habilita\u00e7\u00e3o em dia e compat\u00edvel com o tipo de ve\u00edculo a ser utilizado.<\/em><\/p>\n<p><em>Contudo, este ve\u00edculo estava sendo conduzido pelo pr\u00f3prio prefeito, que dispensou o servidor p\u00fablico por uma quest\u00e3o de economicidade, haja vista, que o mesmo embora investido no cargo de Agente Pol\u00edtico \u00e9 servidor de carreira, ocupante do cargo de motorista.<\/em><\/p>\n<p><em>Conforme preconiza a Lei n\u00ba. 1081\/50, combinado com os artigos 1\u00ba, 2\u00ba e 3\u00ba, os autom\u00f3veis oficiais destinam-se, exclusivamente, ao servi\u00e7o p\u00fablico e o seu uso s\u00f3 ser\u00e1 permitido a quem tenha obriga\u00e7\u00e3o constante de representa\u00e7\u00e3o oficial, pela natureza do cargo ou fun\u00e7\u00e3o.<\/em><\/p>\n<p><em>Para tanto, finalizo afirmando que as reparti\u00e7\u00f5es que, pela natureza dos seus trabalhos, necessitarem de autom\u00f3veis, para efeito de fiscaliza\u00e7\u00e3o, dilig\u00eancia, transporte de valores e servi\u00e7os semelhantes, ter\u00e3o carros \u00e0 disposi\u00e7\u00e3o t\u00e3o somente para a execu\u00e7\u00e3o desses servi\u00e7os. Fica terminantemente proibido o uso de autom\u00f3veis oficiais no transporte de fam\u00edlia do servidor do Munic\u00edpio, bem como, em passeio, excurs\u00e3o ou trabalho estranho ao servi\u00e7o p\u00fablico, fato este que n\u00e3o condiz com a den\u00fancia apresentada.<\/em><\/p>\n<p><em>Pelo fatos narrados, espero ter esclarecido os mesmos, ao tempo em que apresento meus pedidos de desculpas pelos transtornos causados e convoco toda \u00e0 popula\u00e7\u00e3o caraubense a d\u00e1 um basta nessas pr\u00e1ticas antigas de se fazer pol\u00edtica, uma vez que as mesmas maculam o nome da nossa amada cidade.<\/em><\/p>\n<p>&nbsp;<\/p>\n<p>Ascom\/Cara\u00fabas<\/p>\n","protected":false},"excerpt":{"rendered":"<p>O Prefeito da cidade de Cara\u00fabas, atrav\u00e9s de sua assessoria, emitiu uma nota de esclarecimento sobre a den\u00fancia veiculada e feita pelo l\u00edder da oposi\u00e7\u00e3o,&hellip; <\/p>\n","protected":false},"author":1,"featured_media":17216,"comment_status":"closed","ping_status":"closed","sticky":false,"template":"","format":"standard","meta":{"sfsi_plus_gutenberg_text_before_share":"","sfsi_plus_gutenberg_show_text_before_share":"","sfsi_plus_gutenberg_icon_type":"","sfsi_plus_gutenberg_icon_alignemt":"","sfsi_plus_gutenburg_max_per_row":"","footnotes":""},"categories":[50,2],"tags":[],"class_list":["post-75543","post","type-post","status-publish","format-standard","has-post-thumbnail","hentry","category-destaque","category-geral"],"_links":{"self":[{"href":"https:\/\/www.caririemacao.com\/1\/wp-json\/wp\/v2\/posts\/75543","targetHints":{"allow":["GET"]}}],"collection":[{"href":"https:\/\/www.caririemacao.com\/1\/wp-json\/wp\/v2\/posts"}],"about":[{"href":"https:\/\/www.caririemacao.com\/1\/wp-json\/wp\/v2\/types\/post"}],"author":[{"embeddable":true,"href":"https:\/\/www.caririemacao.com\/1\/wp-json\/wp\/v2\/users\/1"}],"replies":[{"embeddable":true,"href":"https:\/\/www.caririemacao.com\/1\/wp-json\/wp\/v2\/comments?post=75543"}],"version-history":[{"count":1,"href":"https:\/\/www.caririemacao.com\/1\/wp-json\/wp\/v2\/posts\/75543\/revisions"}],"predecessor-version":[{"id":75544,"href":"https:\/\/www.caririemacao.com\/1\/wp-json\/wp\/v2\/posts\/75543\/revisions\/75544"}],"wp:featuredmedia":[{"embeddable":true,"href":"https:\/\/www.caririemacao.com\/1\/wp-json\/wp\/v2\/media\/17216"}],"wp:attachment":[{"href":"https:\/\/www.caririemacao.com\/1\/wp-json\/wp\/v2\/media?parent=75543"}],"wp:term":[{"taxonomy":"category","embeddable":true,"href":"https:\/\/www.caririemacao.com\/1\/wp-json\/wp\/v2\/categories?post=75543"},{"taxonomy":"post_tag","embeddable":true,"href":"https:\/\/www.caririemacao.com\/1\/wp-json\/wp\/v2\/tags?post=75543"}],"curies":[{"name":"wp","href":"https:\/\/api.w.org\/{rel}","templated":true}]}}