{"id":75549,"date":"2018-12-06T08:31:00","date_gmt":"2018-12-06T11:31:00","guid":{"rendered":"http:\/\/www.caririemacao.com\/1\/?p=75549"},"modified":"2018-12-06T08:31:00","modified_gmt":"2018-12-06T11:31:00","slug":"copa-sul-americana-atletico-pr-empata-com-junior-barranquilla-em-1o-jogo-da-decisao","status":"publish","type":"post","link":"https:\/\/www.caririemacao.com\/1\/2018\/12\/06\/copa-sul-americana-atletico-pr-empata-com-junior-barranquilla-em-1o-jogo-da-decisao\/","title":{"rendered":"Copa Sul-Americana: Atl\u00e9tico-PR empata com Junior Barranquilla em 1\u00ba jogo da decis\u00e3o"},"content":{"rendered":"<p><!------------------->\u00a0\u00a0\u00a0\u00a0\u00a0\u00a0\u00a0<!--banner-editoria-->\u00a0\u00a0\u00a0\u00a0\u00a0\u00a0\u00a0<!------------------->\u00a0\u00a0\u00a0\u00a0\u00a0\u00a0\u00a0\u00a0\u00a0\u00a0\u00a0\u00a0\u00a0<!------------------->\u00a0\u00a0\u00a0\u00a0\u00a0\u00a0\u00a0<!-------fim--------->\u00a0\u00a0\u00a0\u00a0\u00a0\u00a0\u00a0<!------------------->\u00a0\u00a0\u00a0\u00a0\u00a0\u00a0\u00a0\u00a0\u00a0\u00a0\u00a0\u00a0<!--conte\u00fado--><\/p>\n<div class=\"content\">\n<p class=\"selectionShareable\">O Atl\u00e9tico Paranaense foi \u00e0 Col\u00f4mbia para o jogo de ida da final da Copa Sul-Americana e voltou para casa com um empate por 1 a 1, diante do Junior Barranquilla, depois de sair na frente no Est\u00e1dio Roberto Mel\u00e9ndez.<\/p>\n<p class=\"selectionShareable\">Com o resultado, o t\u00edtulo est\u00e1 totalmente em aberto, j\u00e1 que n\u00e3o existe a vantagem do gol qualificado.<\/p>\n<div id=\"attachment_534462\" class=\"wp-caption aligncenter\"><img decoding=\"async\" class=\"wp-image-534462 size-full lazyload\" data-src=\"https:\/\/paraibaonline.com.br\/wp-content\/uploads\/2018\/12\/atletico-pr0612.jpg\" data-srcset=\"https:\/\/paraibaonline.com.br\/wp-content\/uploads\/2018\/12\/atletico-pr0612.jpg 1024w, https:\/\/paraibaonline.com.br\/wp-content\/uploads\/2018\/12\/atletico-pr0612-567x378.jpg 567w, https:\/\/paraibaonline.com.br\/wp-content\/uploads\/2018\/12\/atletico-pr0612-900x599.jpg 900w\" alt=\"\" src=\"data:image\/svg+xml;base64,PHN2ZyB3aWR0aD0iMSIgaGVpZ2h0PSIxIiB4bWxucz0iaHR0cDovL3d3dy53My5vcmcvMjAwMC9zdmciPjwvc3ZnPg==\" \/><\/p>\n<p class=\"wp-caption-text\">Foto: Divulga\u00e7\u00e3o<\/p>\n<\/div>\n<p class=\"selectionShareable\">Depois de um primeiro tempo em branco, ap\u00f3s o intervalo Pablo abriu a contagem para o Rubro-Negro, aos quatro minutos. A comemora\u00e7\u00e3o durou pouco, j\u00e1 que Yony Gonz\u00e1lez deixou tudo igual aos sete minutos.<\/p>\n<p class=\"selectionShareable\">Rafael P\u00e9rez ainda perdeu uma penalidade, aos 26 minutos, carimbando a trave.<\/p>\n<p class=\"selectionShareable\">As equipes voltam a se encontrar na pr\u00f3xima quarta-feira, desta vez na Arena da Baixada, em Curitiba, onde o Furac\u00e3o faz uma \u00f3tima temporada.<\/p>\n<\/div>\n<p>&nbsp;<\/p>\n<p>Gazetanet<\/p>\n","protected":false},"excerpt":{"rendered":"<p>\u00a0\u00a0\u00a0\u00a0\u00a0\u00a0\u00a0\u00a0\u00a0\u00a0\u00a0\u00a0\u00a0\u00a0\u00a0\u00a0\u00a0\u00a0\u00a0\u00a0\u00a0\u00a0\u00a0\u00a0\u00a0\u00a0\u00a0\u00a0\u00a0\u00a0\u00a0\u00a0\u00a0\u00a0\u00a0\u00a0\u00a0\u00a0\u00a0\u00a0\u00a0\u00a0\u00a0\u00a0\u00a0\u00a0\u00a0\u00a0\u00a0\u00a0\u00a0\u00a0\u00a0 O Atl\u00e9tico Paranaense foi \u00e0 Col\u00f4mbia para o jogo de ida da final da Copa Sul-Americana e voltou para casa com um empate por&hellip; <\/p>\n","protected":false},"author":1,"featured_media":75550,"comment_status":"closed","ping_status":"closed","sticky":false,"template":"","format":"standard","meta":{"sfsi_plus_gutenberg_text_before_share":"","sfsi_plus_gutenberg_show_text_before_share":"","sfsi_plus_gutenberg_icon_type":"","sfsi_plus_gutenberg_icon_alignemt":"","sfsi_plus_gutenburg_max_per_row":"","footnotes":""},"categories":[13],"tags":[],"class_list":["post-75549","post","type-post","status-publish","format-standard","has-post-thumbnail","hentry","category-esportes"],"_links":{"self":[{"href":"https:\/\/www.caririemacao.com\/1\/wp-json\/wp\/v2\/posts\/75549","targetHints":{"allow":["GET"]}}],"collection":[{"href":"https:\/\/www.caririemacao.com\/1\/wp-json\/wp\/v2\/posts"}],"about":[{"href":"https:\/\/www.caririemacao.com\/1\/wp-json\/wp\/v2\/types\/post"}],"author":[{"embeddable":true,"href":"https:\/\/www.caririemacao.com\/1\/wp-json\/wp\/v2\/users\/1"}],"replies":[{"embeddable":true,"href":"https:\/\/www.caririemacao.com\/1\/wp-json\/wp\/v2\/comments?post=75549"}],"version-history":[{"count":1,"href":"https:\/\/www.caririemacao.com\/1\/wp-json\/wp\/v2\/posts\/75549\/revisions"}],"predecessor-version":[{"id":75551,"href":"https:\/\/www.caririemacao.com\/1\/wp-json\/wp\/v2\/posts\/75549\/revisions\/75551"}],"wp:featuredmedia":[{"embeddable":true,"href":"https:\/\/www.caririemacao.com\/1\/wp-json\/wp\/v2\/media\/75550"}],"wp:attachment":[{"href":"https:\/\/www.caririemacao.com\/1\/wp-json\/wp\/v2\/media?parent=75549"}],"wp:term":[{"taxonomy":"category","embeddable":true,"href":"https:\/\/www.caririemacao.com\/1\/wp-json\/wp\/v2\/categories?post=75549"},{"taxonomy":"post_tag","embeddable":true,"href":"https:\/\/www.caririemacao.com\/1\/wp-json\/wp\/v2\/tags?post=75549"}],"curies":[{"name":"wp","href":"https:\/\/api.w.org\/{rel}","templated":true}]}}