{"id":75552,"date":"2018-12-06T08:39:38","date_gmt":"2018-12-06T11:39:38","guid":{"rendered":"http:\/\/www.caririemacao.com\/1\/?p=75552"},"modified":"2018-12-06T08:39:38","modified_gmt":"2018-12-06T11:39:38","slug":"mais-medicos-reabre-oito-vagas-na-paraiba-apos-desistencia-de-profissionais","status":"publish","type":"post","link":"https:\/\/www.caririemacao.com\/1\/2018\/12\/06\/mais-medicos-reabre-oito-vagas-na-paraiba-apos-desistencia-de-profissionais\/","title":{"rendered":"\u2018Mais M\u00e9dicos\u2019 reabre oito vagas na Para\u00edba ap\u00f3s desist\u00eancia de profissionais"},"content":{"rendered":"<div class=\"mc-column content-text active-extra-styles active-capital-letter\" data-block-type=\"unstyled\" data-block-weight=\"40\" data-block-id=\"2\">\n<p class=\"content-text__container theme-color-primary-first-letter\" data-track-category=\"Link no Texto\">Ao todo, oito vagas para o programa Mais M\u00e9dicos foram reabertas na Para\u00edba, devido a desist\u00eancias de profissionais, conforme o\u00a0<a href=\"http:\/\/maismedicos.gov.br\/images\/PDF\/VagasDesocupadas16ciclo_051218.pdf\" target=\"_blank\" rel=\"noopener\">edital divulgado pelo Minist\u00e9rio da Sa\u00fade<\/a> nesta quarta-feira (5). As inscri\u00e7\u00f5es devem ser feitas pela internet, at\u00e9 a sexta-feira (7).<\/p>\n<\/div>\n<div class=\"wall protected-content\">\n<div class=\"mc-column content-text active-extra-styles \" data-block-type=\"unstyled\" data-block-weight=\"38\" data-block-id=\"3\">\n<p class=\"content-text__container \" data-track-category=\"Link no Texto\">No estado, conforme o edital, as vagas s\u00e3o para os munic\u00edpios de Alagoinha, Caapor\u00e3, Juru, Lagoa, Riach\u00e3o, Santa Cec\u00edlia, S\u00e3o Sebasti\u00e3o do Umbuzeiro e Umbuzeiro, sendo uma oportunidade em cada. Em todo o pa\u00eds, foram reabertas 200 vagas.<\/p>\n<\/div>\n<div class=\"mc-column content-text active-extra-styles \" data-block-type=\"unstyled\" data-block-weight=\"51\" data-block-id=\"4\">\n<div class=\"td-a-rec td-a-rec-id-content_inline  \"><span class=\"td-adspot-title\">De acordo com o Minist\u00e9rio, o principal motivo apresentado pelos m\u00e9dicos que desistiram foi a incompatibilidade de hor\u00e1rio com outras atividades, uma vez que os profissionais precisar\u00e3o se dedicar 40 horas por semana ao programa. Outras justificativas foram a aprova\u00e7\u00e3o em resid\u00eancia m\u00e9dica, o recebimento de outra proposta ou problemas pessoais.<\/span><\/div>\n<\/div>\n<div class=\"mc-column content-text active-extra-styles \" data-block-type=\"unstyled\" data-block-weight=\"53\" data-block-id=\"5\">\n<p class=\"content-text__container \" data-track-category=\"Link no Texto\">Em caso de desist\u00eancia, o convocado deve informar o munic\u00edpio onde foi alocado e esse deve notificar o Minist\u00e9rio da Sa\u00fade. A pasta tem entrado em contato com os m\u00e9dicos por meio do e-mail informado na inscri\u00e7\u00e3o e liga\u00e7\u00f5es telef\u00f4nicas. Os profissionais inscritos t\u00eam at\u00e9 o dia 14 de dezembro para confirmar interesse.<\/p>\n<\/div>\n<div data-track-category=\"fim do conteudo\" data-track-action=\"ultimo chunk conteudo\" data-track-noninteraction=\"false\" data-track-scroll=\"entrada completa viewport\">\n<div class=\"mc-column content-text active-extra-styles \" data-block-type=\"unstyled\" data-block-weight=\"38\" data-block-id=\"6\">\n<p class=\"noticia_fonte\">No dia 25 de novembro, a Secretaria de Estado da Sa\u00fade informou que todas as 128 vagas para o Mais M\u00e9dicos na Para\u00edba j\u00e1 haviam sido preenchidas. Com essa reabertura, o estado passa a ter 120 vagas ocupadas.<\/p>\n<p>&nbsp;<\/p>\n<p class=\"noticia_fonte\">G1-PB<\/p>\n<\/div>\n<\/div>\n<\/div>\n","protected":false},"excerpt":{"rendered":"<p>Ao todo, oito vagas para o programa Mais M\u00e9dicos foram reabertas na Para\u00edba, devido a desist\u00eancias de profissionais, conforme o\u00a0edital divulgado pelo Minist\u00e9rio da Sa\u00fade&hellip; <\/p>\n","protected":false},"author":1,"featured_media":73789,"comment_status":"closed","ping_status":"closed","sticky":false,"template":"","format":"standard","meta":{"sfsi_plus_gutenberg_text_before_share":"","sfsi_plus_gutenberg_show_text_before_share":"","sfsi_plus_gutenberg_icon_type":"","sfsi_plus_gutenberg_icon_alignemt":"","sfsi_plus_gutenburg_max_per_row":"","footnotes":""},"categories":[50,2],"tags":[],"class_list":["post-75552","post","type-post","status-publish","format-standard","has-post-thumbnail","hentry","category-destaque","category-geral"],"_links":{"self":[{"href":"https:\/\/www.caririemacao.com\/1\/wp-json\/wp\/v2\/posts\/75552","targetHints":{"allow":["GET"]}}],"collection":[{"href":"https:\/\/www.caririemacao.com\/1\/wp-json\/wp\/v2\/posts"}],"about":[{"href":"https:\/\/www.caririemacao.com\/1\/wp-json\/wp\/v2\/types\/post"}],"author":[{"embeddable":true,"href":"https:\/\/www.caririemacao.com\/1\/wp-json\/wp\/v2\/users\/1"}],"replies":[{"embeddable":true,"href":"https:\/\/www.caririemacao.com\/1\/wp-json\/wp\/v2\/comments?post=75552"}],"version-history":[{"count":1,"href":"https:\/\/www.caririemacao.com\/1\/wp-json\/wp\/v2\/posts\/75552\/revisions"}],"predecessor-version":[{"id":75553,"href":"https:\/\/www.caririemacao.com\/1\/wp-json\/wp\/v2\/posts\/75552\/revisions\/75553"}],"wp:featuredmedia":[{"embeddable":true,"href":"https:\/\/www.caririemacao.com\/1\/wp-json\/wp\/v2\/media\/73789"}],"wp:attachment":[{"href":"https:\/\/www.caririemacao.com\/1\/wp-json\/wp\/v2\/media?parent=75552"}],"wp:term":[{"taxonomy":"category","embeddable":true,"href":"https:\/\/www.caririemacao.com\/1\/wp-json\/wp\/v2\/categories?post=75552"},{"taxonomy":"post_tag","embeddable":true,"href":"https:\/\/www.caririemacao.com\/1\/wp-json\/wp\/v2\/tags?post=75552"}],"curies":[{"name":"wp","href":"https:\/\/api.w.org\/{rel}","templated":true}]}}