{"id":75556,"date":"2018-12-06T08:46:24","date_gmt":"2018-12-06T11:46:24","guid":{"rendered":"http:\/\/www.caririemacao.com\/1\/?p=75556"},"modified":"2018-12-06T08:46:24","modified_gmt":"2018-12-06T11:46:24","slug":"toffoli-pede-a-pgr-que-investigue-ofensa-ao-stf-em-aviao","status":"publish","type":"post","link":"https:\/\/www.caririemacao.com\/1\/2018\/12\/06\/toffoli-pede-a-pgr-que-investigue-ofensa-ao-stf-em-aviao\/","title":{"rendered":"Toffoli pede a PGR que investigue ofensa ao STF em avi\u00e3o"},"content":{"rendered":"<p>O presidente do Supremo Tribunal Federal (STF), ministro Dias Toffoli, pediu ontem(5) que a Procuradoria-Geral da Rep\u00fablica (PGR) tome provid\u00eancias sobre o caso envolvendo o ministro Ricardo Lewandowski e um advogado durante um voo entre S\u00e3o Paulo e Bras\u00edlia.<\/p>\n<p>Em um comunicado enviado \u00e0 procuradora-geral da Rep\u00fablica, Raquel Dodge, Toffoli ainda informou que fez o mesmo pedido ao ministro da Seguran\u00e7a P\u00fablica, Raul Jungmann. No texto do of\u00edcio, o presidente cita \u201cofensas dirigidas ao Supremo\u201d.<\/p>\n<p>O caso envolveu o advogado Cristiano Caiado de Acioli, de 39 anos. Na manh\u00e3 de ter\u00e7a-feira (4), conforme v\u00eddeo divulgado na internet, Acioli estava sentado pr\u00f3ximo ao ministro, sentado na primeira fila do avi\u00e3o, e chama por Lewandowski, que mexia no celular na mesma fileira, e diz: \u201cMinistro Lewandowski, o Supremo \u00e9 uma vergonha, viu? Eu tenho vergonha de ser brasileiro quando vejo voc\u00eas\u201d.<\/p>\n<p>Incomodado, o ministro pergunta ao passageiro: \u201cvem c\u00e1, voc\u00ea quer ser preso?\u201d. Em seguida, Lewandowski manda chamar a Pol\u00edcia Federal. O advogado retruca: \u201cEu n\u00e3o posso me expressar? Chama a Pol\u00edcia Federal, ent\u00e3o\u201d.<\/p>\n<p>Um agente da PF chegou a ir at\u00e9 a aeronave, mas ap\u00f3s o advogado se comprometer a manter a calma, o voo seguiu seu curso. Ao pousar em Bras\u00edlia, entretanto, o advogado foi abordado por policiais federais pr\u00f3ximo \u00e0 esteira de bagagens e encaminhado a prestar depoimento.<\/p>\n<p>&nbsp;<\/p>\n<p>Ag\u00eancia Brasil<\/p>\n","protected":false},"excerpt":{"rendered":"<p>O presidente do Supremo Tribunal Federal (STF), ministro Dias Toffoli, pediu ontem(5) que a Procuradoria-Geral da Rep\u00fablica (PGR) tome provid\u00eancias sobre o caso envolvendo o&hellip; <\/p>\n","protected":false},"author":1,"featured_media":60584,"comment_status":"closed","ping_status":"closed","sticky":false,"template":"","format":"standard","meta":{"sfsi_plus_gutenberg_text_before_share":"","sfsi_plus_gutenberg_show_text_before_share":"","sfsi_plus_gutenberg_icon_type":"","sfsi_plus_gutenberg_icon_alignemt":"","sfsi_plus_gutenburg_max_per_row":"","footnotes":""},"categories":[11],"tags":[],"class_list":["post-75556","post","type-post","status-publish","format-standard","has-post-thumbnail","hentry","category-politica"],"_links":{"self":[{"href":"https:\/\/www.caririemacao.com\/1\/wp-json\/wp\/v2\/posts\/75556","targetHints":{"allow":["GET"]}}],"collection":[{"href":"https:\/\/www.caririemacao.com\/1\/wp-json\/wp\/v2\/posts"}],"about":[{"href":"https:\/\/www.caririemacao.com\/1\/wp-json\/wp\/v2\/types\/post"}],"author":[{"embeddable":true,"href":"https:\/\/www.caririemacao.com\/1\/wp-json\/wp\/v2\/users\/1"}],"replies":[{"embeddable":true,"href":"https:\/\/www.caririemacao.com\/1\/wp-json\/wp\/v2\/comments?post=75556"}],"version-history":[{"count":1,"href":"https:\/\/www.caririemacao.com\/1\/wp-json\/wp\/v2\/posts\/75556\/revisions"}],"predecessor-version":[{"id":75557,"href":"https:\/\/www.caririemacao.com\/1\/wp-json\/wp\/v2\/posts\/75556\/revisions\/75557"}],"wp:featuredmedia":[{"embeddable":true,"href":"https:\/\/www.caririemacao.com\/1\/wp-json\/wp\/v2\/media\/60584"}],"wp:attachment":[{"href":"https:\/\/www.caririemacao.com\/1\/wp-json\/wp\/v2\/media?parent=75556"}],"wp:term":[{"taxonomy":"category","embeddable":true,"href":"https:\/\/www.caririemacao.com\/1\/wp-json\/wp\/v2\/categories?post=75556"},{"taxonomy":"post_tag","embeddable":true,"href":"https:\/\/www.caririemacao.com\/1\/wp-json\/wp\/v2\/tags?post=75556"}],"curies":[{"name":"wp","href":"https:\/\/api.w.org\/{rel}","templated":true}]}}