{"id":75564,"date":"2018-12-06T08:59:16","date_gmt":"2018-12-06T11:59:16","guid":{"rendered":"http:\/\/www.caririemacao.com\/1\/?p=75564"},"modified":"2018-12-06T08:59:16","modified_gmt":"2018-12-06T11:59:16","slug":"preso-suspeito-de-estuprar-crianca-de-5-anos-na-paraiba","status":"publish","type":"post","link":"https:\/\/www.caririemacao.com\/1\/2018\/12\/06\/preso-suspeito-de-estuprar-crianca-de-5-anos-na-paraiba\/","title":{"rendered":"Preso suspeito de estuprar crian\u00e7a de 5 anos na Para\u00edba"},"content":{"rendered":"<p>A Pol\u00edcia Civil prendeu nesta quarta-feira (5) um homem suspeito de estuprar uma crian\u00e7a de cinco anos em Santa Luzia, no interior da Para\u00edba.<\/p>\n<p>De acordo com informa\u00e7\u00f5es da Pol\u00edcia Civil, testemunhas alegaram ter presenciado o homem tendo contatos sexuais com a crian\u00e7a no fim do m\u00eas de novembro, em Junco do Serid\u00f3.<\/p>\n<p>O homem foi mantido na carceragem da Delegacia de Santa Luzia \u00e0 disposi\u00e7\u00e3o da Justi\u00e7a.<\/p>\n","protected":false},"excerpt":{"rendered":"<p>A Pol\u00edcia Civil prendeu nesta quarta-feira (5) um homem suspeito de estuprar uma crian\u00e7a de cinco anos em Santa Luzia, no interior da Para\u00edba. De&hellip; <\/p>\n","protected":false},"author":1,"featured_media":50551,"comment_status":"closed","ping_status":"closed","sticky":false,"template":"","format":"standard","meta":{"sfsi_plus_gutenberg_text_before_share":"","sfsi_plus_gutenberg_show_text_before_share":"","sfsi_plus_gutenberg_icon_type":"","sfsi_plus_gutenberg_icon_alignemt":"","sfsi_plus_gutenburg_max_per_row":"","footnotes":""},"categories":[12],"tags":[],"class_list":["post-75564","post","type-post","status-publish","format-standard","has-post-thumbnail","hentry","category-policia"],"_links":{"self":[{"href":"https:\/\/www.caririemacao.com\/1\/wp-json\/wp\/v2\/posts\/75564","targetHints":{"allow":["GET"]}}],"collection":[{"href":"https:\/\/www.caririemacao.com\/1\/wp-json\/wp\/v2\/posts"}],"about":[{"href":"https:\/\/www.caririemacao.com\/1\/wp-json\/wp\/v2\/types\/post"}],"author":[{"embeddable":true,"href":"https:\/\/www.caririemacao.com\/1\/wp-json\/wp\/v2\/users\/1"}],"replies":[{"embeddable":true,"href":"https:\/\/www.caririemacao.com\/1\/wp-json\/wp\/v2\/comments?post=75564"}],"version-history":[{"count":1,"href":"https:\/\/www.caririemacao.com\/1\/wp-json\/wp\/v2\/posts\/75564\/revisions"}],"predecessor-version":[{"id":75565,"href":"https:\/\/www.caririemacao.com\/1\/wp-json\/wp\/v2\/posts\/75564\/revisions\/75565"}],"wp:featuredmedia":[{"embeddable":true,"href":"https:\/\/www.caririemacao.com\/1\/wp-json\/wp\/v2\/media\/50551"}],"wp:attachment":[{"href":"https:\/\/www.caririemacao.com\/1\/wp-json\/wp\/v2\/media?parent=75564"}],"wp:term":[{"taxonomy":"category","embeddable":true,"href":"https:\/\/www.caririemacao.com\/1\/wp-json\/wp\/v2\/categories?post=75564"},{"taxonomy":"post_tag","embeddable":true,"href":"https:\/\/www.caririemacao.com\/1\/wp-json\/wp\/v2\/tags?post=75564"}],"curies":[{"name":"wp","href":"https:\/\/api.w.org\/{rel}","templated":true}]}}