{"id":75566,"date":"2018-12-06T09:01:28","date_gmt":"2018-12-06T12:01:28","guid":{"rendered":"http:\/\/www.caririemacao.com\/1\/?p=75566"},"modified":"2018-12-06T09:01:28","modified_gmt":"2018-12-06T12:01:28","slug":"pesquisa-da-fecomercio-revela-que-63-dos-paraibanos-pretendem-presentear-neste-natal","status":"publish","type":"post","link":"https:\/\/www.caririemacao.com\/1\/2018\/12\/06\/pesquisa-da-fecomercio-revela-que-63-dos-paraibanos-pretendem-presentear-neste-natal\/","title":{"rendered":"Pesquisa da Fecom\u00e9rcio revela que 63% dos paraibanos pretendem presentear neste Natal"},"content":{"rendered":"<p>O com\u00e9rcio paraibano est\u00e1 otimista com as vendas de fim de ano, considerado o melhor per\u00edodo para o setor. \u00c9 o que revela os\u00a0dados divulgados nesta quarta-feira (5) pela Federa\u00e7\u00e3o do Com\u00e9rcio de Bens, Servi\u00e7os e Turismo do Estado da Para\u00edba (Fecom\u00e9rcio). Segundo a pesquisa cerca de\u00a062,8% dos paraibanos tem a inten\u00e7\u00e3o de comprar presentes este ano.<\/p>\n<p>A estimativa \u00e9 otimista e apresenta um crescimento, uma vez que est\u00e1 acima do registrado em 2017, quando a inten\u00e7\u00e3o de compras atingiu 61,89% dos entrevistados. Os dados integram a Pesquisa de Inten\u00e7\u00e3o de Compras para as Festas Natalinas, mensurada pelo Instituto Fecom\u00e9rcio de Pesquisas Econ\u00f4micas e Sociais da Para\u00edba, e busca tra\u00e7ar uma estimativa de vendas, bem como os h\u00e1bitos e perfis destes consumidores.<\/p>\n<p>Para o presidente da Fecom\u00e9rcio Para\u00edba, Marconi Medeiros, este instrumento \u00e9 fundamental para o planejamento dos lojistas em rela\u00e7\u00e3o \u00e0s vendas. \u201cEm um momento de reestrutura\u00e7\u00e3o econ\u00f4mica, \u00e9 importante que possamos avaliar e planejar as a\u00e7\u00f5es e estrat\u00e9gias com muita cautela, e a Fecom\u00e9rcio entrega, com esta pesquisa, uma ferramenta importante para diminuir as incertezas geradas tanto nos consumidores quanto nos empres\u00e1rios neste per\u00edodo de instabilidade\u201d, afirmou.<\/p>\n<p><strong>Produtos, gastos e formas de pagamento\u00a0 \u00a0 \u00a0 \u00a0 \u00a0 \u00a0 \u00a0<\/strong><\/p>\n<p>Mais uma vez, pe\u00e7as de Vestu\u00e1rio e Cal\u00e7ados ficaram como as principais op\u00e7\u00f5es de presente, respondidos por 68,79% e 21,66% dos entrevistados. Em seguida aparecem Brinquedos (16,88%), Eletrodom\u00e9sticos e Eletroeletr\u00f4nicos (16,56%) e Perfumes (8,92%). Em m\u00e9dia, o gasto com presentes de fim de ano devem ficar em torno de R$ 283,38 por consumidor, uma leve retra\u00e7\u00e3o de 0,32% em compara\u00e7\u00e3o ao ano passado. Mais da metade dos entrevistados n\u00e3o pretendem gastar mais que R$ 250 com as compras, sendo 28,03% os que preferem comprar at\u00e9 R$ 100 e 27,39% os que pretendem comprar presentes entre R$ 101 e R$ 250. Nota-se que 4,14% dos entrevistados pretendem gastar acima de R$ 800. A prefer\u00eancia dos consumidores \u00e9 no pagamento a prazo, citado por 60,19%. Destes, a maioria (98,41%) utilizar\u00e1 o cart\u00e3o de cr\u00e9dito. O pagamento \u00e0 vista foi citado por 39,81%, sendo 75,20% destes em esp\u00e9cie, dependendo do desconto oferecido pelo lojista.<\/p>\n<p><strong>Local, per\u00edodo de compras e h\u00e1bito de consumo\u00a0 \u00a0 \u00a0 \u00a0 \u00a0 \u00a0 \u00a0 \u00a0 \u00a0<\/strong><\/p>\n<p>61,46% dos entrevistados pretendem realizar as compras em shoppings, enquanto 52,23% buscar\u00e3o presentes nas lojas do Centro. Super e Hipermercados devem ser procurados por 13,69% dos consumidores. Na tend\u00eancia do crescimento a cada ano, as compras virtuais somam 10,51% do total de inten\u00e7\u00e3o. A maioria dos consumidores realizar\u00e1 suas compras em dezembro, sendo 39,81% no in\u00edcio, 18,79% at\u00e9 uma semana antes e 15,92% na segunda metade do m\u00eas. 24,20%, que buscam lojas mais vazias, realizar\u00e3o as compras ainda no m\u00eas de novembro, enquanto 1,27% quer aproveitar as liquida\u00e7\u00f5es ap\u00f3s as festas, comuns no m\u00eas de janeiro.<\/p>\n<p>Em rela\u00e7\u00e3o aos h\u00e1bitos de consumo, 74,80% dos entrevistados est\u00e1 mais precavido e quer pesquisar mais antes de comprar. 47% deles passou a comprar menos em rela\u00e7\u00e3o ao ano anterior, enquanto 16,40% passou a comprar mais. 9,80% s\u00e3o fi\u00e9is a marcas, 23,40% tem o h\u00e1bito de comprar pela internet e 3,4% compram produtos sustent\u00e1veis.<\/p>\n<p><strong>13\u00ba sal\u00e1rio\u00a0 \u00a0 \u00a0 \u00a0 \u00a0 \u00a0 \u00a0 \u00a0 \u00a0 \u00a0 \u00a0\u00a0<\/strong><\/p>\n<p>O pagamento de d\u00edvidas deve ser o principal destino do 13\u00ba sal\u00e1rio da maioria dos consumidores este ano, totalizando 39,58% dos entrevistados. Em seguida, de perto, aparecem os que pretendem usar o dinheiro para compras (37,15%) ou que pretendem economizar (36,81%). O uso para lazer aparece com apenas 3,82% das respostas. Como \u00e9 poss\u00edvel a utiliza\u00e7\u00e3o do 13\u00ba para diferentes fins, o somat\u00f3rio das respostas ultrapassa os 100%.<\/p>\n<p><strong>Perfil do consumidor\u00a0 \u00a0 \u00a0 \u00a0 \u00a0 \u00a0 \u00a0 \u00a0 \u00a0 \u00a0 \u00a0 \u00a0<\/strong><\/p>\n<p>A maioria dos consumidores respondentes \u00e9 do sexo feminino (52,60%). Em rela\u00e7\u00e3o ao estado civil, os solteiros aparecem em maioria, com 48,20%, seguidos pelos casados (43,80%). Os entrevistados t\u00eam, em sua maioria, entre 21 e 26 anos (19,60%), acima de 51 anos (19,40%) e entre 27 e 32 anos (17,60%). A maior parte dos entrevistados possui Ensino M\u00e9dio completo (35,60%), seguidos pelos que possuem Superior completo (28,80%) e Superior incompleto (20,40%).<\/p>\n<p>No condizente \u00e0 faixa de renda, os que recebem entre 1 e 2 sal\u00e1rios m\u00ednimos aparecem na frente, com 26,20% do total, seguidos por at\u00e9 um sal\u00e1rio m\u00ednimo (22,40%) e os que n\u00e3o possuem renda (18,80%), que s\u00e3o as pessoas que est\u00e3o fora do mercado ou n\u00e3o possuem ocupa\u00e7\u00e3o remunerada, dependentes financeiros ou estudantes. A maior parte dos entrevistados trabalha em empresas privadas (32,60% do total), seguidos pelos funcion\u00e1rios p\u00fablicos (14,80%) e por estudantes (13,40%). 13% dos entrevistados est\u00e3o desempregados, 10,20 s\u00e3o aut\u00f4nomos ou liberais e outros 10,20% s\u00e3o aposentados ou pensionistas. Em rela\u00e7\u00e3o a sua situa\u00e7\u00e3o financeira, 22,80% afirmaram que est\u00e3o numa situa\u00e7\u00e3o melhor que a do ano passado, enquanto 45,40% afirmaram estar iguais e 31,80% est\u00e3o piores.<\/p>\n<p>Foram entrevistadas, aleatoriamente, 500 pessoas (maiores de 18 anos e residentes na Regi\u00e3o Metropolitana de Jo\u00e3o Pessoa) nos pontos onde h\u00e1 um maior fluxo de consumidores, entre os dias 17 e 25 de outubro. A pesquisa tem um \u00edndice de confian\u00e7a de 95% e um erro amostral de 4,37%. A sondagem se baseia em question\u00e1rio estruturado, constitu\u00eddo, em sua maioria, por quest\u00f5es fechadas. A Pesquisa de Inten\u00e7\u00e3o de Compras para as Festas Natalinas \u00e9 realizada pela Fecom\u00e9rcio desde 2004.<\/p>\n<p>&nbsp;<\/p>\n<p>ClickPB<\/p>\n","protected":false},"excerpt":{"rendered":"<p>O com\u00e9rcio paraibano est\u00e1 otimista com as vendas de fim de ano, considerado o melhor per\u00edodo para o setor. \u00c9 o que revela os\u00a0dados divulgados&hellip; <\/p>\n","protected":false},"author":1,"featured_media":75567,"comment_status":"closed","ping_status":"closed","sticky":false,"template":"","format":"standard","meta":{"sfsi_plus_gutenberg_text_before_share":"","sfsi_plus_gutenberg_show_text_before_share":"","sfsi_plus_gutenberg_icon_type":"","sfsi_plus_gutenberg_icon_alignemt":"","sfsi_plus_gutenburg_max_per_row":"","footnotes":""},"categories":[2],"tags":[],"class_list":["post-75566","post","type-post","status-publish","format-standard","has-post-thumbnail","hentry","category-geral"],"_links":{"self":[{"href":"https:\/\/www.caririemacao.com\/1\/wp-json\/wp\/v2\/posts\/75566","targetHints":{"allow":["GET"]}}],"collection":[{"href":"https:\/\/www.caririemacao.com\/1\/wp-json\/wp\/v2\/posts"}],"about":[{"href":"https:\/\/www.caririemacao.com\/1\/wp-json\/wp\/v2\/types\/post"}],"author":[{"embeddable":true,"href":"https:\/\/www.caririemacao.com\/1\/wp-json\/wp\/v2\/users\/1"}],"replies":[{"embeddable":true,"href":"https:\/\/www.caririemacao.com\/1\/wp-json\/wp\/v2\/comments?post=75566"}],"version-history":[{"count":1,"href":"https:\/\/www.caririemacao.com\/1\/wp-json\/wp\/v2\/posts\/75566\/revisions"}],"predecessor-version":[{"id":75568,"href":"https:\/\/www.caririemacao.com\/1\/wp-json\/wp\/v2\/posts\/75566\/revisions\/75568"}],"wp:featuredmedia":[{"embeddable":true,"href":"https:\/\/www.caririemacao.com\/1\/wp-json\/wp\/v2\/media\/75567"}],"wp:attachment":[{"href":"https:\/\/www.caririemacao.com\/1\/wp-json\/wp\/v2\/media?parent=75566"}],"wp:term":[{"taxonomy":"category","embeddable":true,"href":"https:\/\/www.caririemacao.com\/1\/wp-json\/wp\/v2\/categories?post=75566"},{"taxonomy":"post_tag","embeddable":true,"href":"https:\/\/www.caririemacao.com\/1\/wp-json\/wp\/v2\/tags?post=75566"}],"curies":[{"name":"wp","href":"https:\/\/api.w.org\/{rel}","templated":true}]}}