{"id":75569,"date":"2018-12-06T09:04:07","date_gmt":"2018-12-06T12:04:07","guid":{"rendered":"http:\/\/www.caririemacao.com\/1\/?p=75569"},"modified":"2018-12-06T09:04:07","modified_gmt":"2018-12-06T12:04:07","slug":"ultimo-trecho-da-transposicao-do-sao-francisco-sera-inaugurado-ainda-em-2018","status":"publish","type":"post","link":"https:\/\/www.caririemacao.com\/1\/2018\/12\/06\/ultimo-trecho-da-transposicao-do-sao-francisco-sera-inaugurado-ainda-em-2018\/","title":{"rendered":"\u00daltimo trecho da Transposi\u00e7\u00e3o do S\u00e3o Francisco ser\u00e1 inaugurado ainda em 2018"},"content":{"rendered":"<p>O \u00faltimo trecho das obras de Transposi\u00e7\u00e3o do Rio S\u00e3o Francisco, localizado em Salgueiro (PE), dever\u00e1 ser entregue na semana do Natal. O an\u00fancio foi feito pelo ministro da Integra\u00e7\u00e3o Nacional, P\u00e1dua Andrade, na manh\u00e3 de hoje (5) durante reuni\u00e3o com o governador do Cear\u00e1, Camilo Santana.<\/p>\n<p>Com a finaliza\u00e7\u00e3o desse trecho, que faz parte do Eixo Norte e passa pelos munic\u00edpios de Penaforte, Jati Brejo Santo e Barro, as \u00e1guas do Velho Chico devem chegar ao estado at\u00e9 o fim de fevereiro de 2019, m\u00eas que abre a chamada quadra chuvosa (per\u00edodo de quatro meses em que ocorre o maior volume de chuva do ano).<\/p>\n<p>\u201cPara n\u00f3s, essa \u00e9 uma not\u00edcia important\u00edssima porque \u00e9 a garantia de seguran\u00e7a h\u00eddrica. Com essa indefini\u00e7\u00e3o da quadra chuvosa, j\u00e1 ser\u00e1 liberada as \u00e1guas da \u00faltima esta\u00e7\u00e3o de bombeamento, em Salgueiro, a partir de dezembro\u201d, comemorou Santana.<\/p>\n<p>As vaz\u00f5es excedentes da transposi\u00e7\u00e3o ser\u00e3o transferidas para os a\u00e7udes Castanh\u00e3o e Or\u00f3s, os dois maiores reservat\u00f3rios do Cear\u00e1, via Cintur\u00e3o das \u00c1guas, uma obra do governo do estado para a distribui\u00e7\u00e3o das \u00e1guas do Rio S\u00e3o Francisco.<\/p>\n<p>O trecho I do Cintur\u00e3o das \u00c1guas possui quase 150 quil\u00f4metros e visa beneficiar diretamente mais de um milh\u00e3o de pessoas em 18 munic\u00edpios do Sul cearense. Tamb\u00e9m durante a reuni\u00e3o, Andrade anunciou a libera\u00e7\u00e3o de R$ 43 milh\u00f5es para essa obra.<\/p>\n<p>&nbsp;<\/p>\n<p>Ag\u00eancia Brasil<\/p>\n","protected":false},"excerpt":{"rendered":"<p>O \u00faltimo trecho das obras de Transposi\u00e7\u00e3o do Rio S\u00e3o Francisco, localizado em Salgueiro (PE), dever\u00e1 ser entregue na semana do Natal. O an\u00fancio foi&hellip; <\/p>\n","protected":false},"author":1,"featured_media":75570,"comment_status":"closed","ping_status":"closed","sticky":false,"template":"","format":"standard","meta":{"sfsi_plus_gutenberg_text_before_share":"","sfsi_plus_gutenberg_show_text_before_share":"","sfsi_plus_gutenberg_icon_type":"","sfsi_plus_gutenberg_icon_alignemt":"","sfsi_plus_gutenburg_max_per_row":"","footnotes":""},"categories":[11],"tags":[],"class_list":["post-75569","post","type-post","status-publish","format-standard","has-post-thumbnail","hentry","category-politica"],"_links":{"self":[{"href":"https:\/\/www.caririemacao.com\/1\/wp-json\/wp\/v2\/posts\/75569","targetHints":{"allow":["GET"]}}],"collection":[{"href":"https:\/\/www.caririemacao.com\/1\/wp-json\/wp\/v2\/posts"}],"about":[{"href":"https:\/\/www.caririemacao.com\/1\/wp-json\/wp\/v2\/types\/post"}],"author":[{"embeddable":true,"href":"https:\/\/www.caririemacao.com\/1\/wp-json\/wp\/v2\/users\/1"}],"replies":[{"embeddable":true,"href":"https:\/\/www.caririemacao.com\/1\/wp-json\/wp\/v2\/comments?post=75569"}],"version-history":[{"count":1,"href":"https:\/\/www.caririemacao.com\/1\/wp-json\/wp\/v2\/posts\/75569\/revisions"}],"predecessor-version":[{"id":75571,"href":"https:\/\/www.caririemacao.com\/1\/wp-json\/wp\/v2\/posts\/75569\/revisions\/75571"}],"wp:featuredmedia":[{"embeddable":true,"href":"https:\/\/www.caririemacao.com\/1\/wp-json\/wp\/v2\/media\/75570"}],"wp:attachment":[{"href":"https:\/\/www.caririemacao.com\/1\/wp-json\/wp\/v2\/media?parent=75569"}],"wp:term":[{"taxonomy":"category","embeddable":true,"href":"https:\/\/www.caririemacao.com\/1\/wp-json\/wp\/v2\/categories?post=75569"},{"taxonomy":"post_tag","embeddable":true,"href":"https:\/\/www.caririemacao.com\/1\/wp-json\/wp\/v2\/tags?post=75569"}],"curies":[{"name":"wp","href":"https:\/\/api.w.org\/{rel}","templated":true}]}}