{"id":75572,"date":"2018-12-06T09:20:35","date_gmt":"2018-12-06T12:20:35","guid":{"rendered":"http:\/\/www.caririemacao.com\/1\/?p=75572"},"modified":"2018-12-06T09:20:35","modified_gmt":"2018-12-06T12:20:35","slug":"filho-manda-matar-o-pai-mae-ajuda-a-acobertar-e-os-dois-sao-presos-em-velorio","status":"publish","type":"post","link":"https:\/\/www.caririemacao.com\/1\/2018\/12\/06\/filho-manda-matar-o-pai-mae-ajuda-a-acobertar-e-os-dois-sao-presos-em-velorio\/","title":{"rendered":"Filho manda matar o pai, m\u00e3e ajuda a acobertar e os dois s\u00e3o presos em vel\u00f3rio"},"content":{"rendered":"<p>Um homem de 58 anos identificado como Adijalmo Alves da Silva foi assassinado na noite do \u00faltimo s\u00e1bado (1\u00ba), dentro de sua casa, no Bairro Vila Esperan\u00e7a, em Marcel\u00e2ndia (710 km de Cuiab\u00e1). Um dia depois, durante o vel\u00f3rio da v\u00edtima, seu filho, de 18 anos, e a esposa, de 51 anos, foram presos. O jovem, acusado de matar o pai, e a mulher acusada de acobertar o filho.<\/p>\n<p>Adijalmo foi encontrado na sala de sua resid\u00eancia, semi-decapitado. Pr\u00f3ximo ao corpo dele foram encontradas uma faca, com muito sangue, e uma enxada, ferramentas utilizadas no crime.<\/p>\n<p>A Pol\u00edcia Judici\u00e1ria Civil de Marcel\u00e2ndia foi acionada e, em menos de 24 horas, resolveu o caso, identificando seis pessoas que participaram do crime.<\/p>\n<p>A princ\u00edpio, o filho e a esposa da v\u00edtima disseram que estavam na igreja no momento do assassinato, afirmando que teriam retornado meia-hora depois e encontrado Adijalmo j\u00e1 sem vida.<\/p>\n<p><img fetchpriority=\"high\" decoding=\"async\" title=\"Filho manda matar o pai, m\u00e3e ajuda a acobertar e os dois s\u00e3o presos em vel\u00f3rio\" src=\"https:\/\/i0.wp.com\/www.newsrondonia.com.br\/imagensNoticias\/image\/1(6964).jpg?zoom=0.9024999886751175&amp;ssl=1\" alt=\"1(6964) - Filho manda matar o pai, m\u00e3e ajuda a acobertar e os dois s\u00e3o presos em vel\u00f3rio\" width=\"750\" height=\"420\" \/><\/p>\n<p>Por\u00e9m, as investiga\u00e7\u00f5es apontavam que o depoimento dos dois n\u00e3o batia com a cena do crime, visto que n\u00e3o havia sinal de arrombamento na casa e as armas que teriam sido utilizadas eram todas da pr\u00f3pria resid\u00eancia. Al\u00e9m disso, ele teriam demorado para chamar a pol\u00edcia \u2013 pois a per\u00edcia apontou que Adijalmo j\u00e1 estava morto algumas horas depois que as equipes chegaram \u00e0 casa.<\/p>\n<p>Os dois acabaram presos no vel\u00f3rio da v\u00edtima e o filho confessou ter mandado matar o pai. Segundo a Pol\u00edcia Civil, o jovem planejou o assassinato com sua companheira, uma adolescente de 17 anos. Os dois ainda contaram com a ajuda de mais dois adolescentes, que mostraram a casa onde o homic\u00eddio seria cometido ao executor, uma terceira pessoa que ainda n\u00e3o foi encontrada.<\/p>\n<p>A esposa da v\u00edtima n\u00e3o estava na casa quando tudo aconteceu, por\u00e9m, mesmo depois de saber a verdade, seguiu confirmando a vers\u00e3o do filho. O jovem, que \u00e9 usu\u00e1rio de drogas, disse \u00e0 pol\u00edcia que teria mandado matar o pai porque os dois viviam se desentendendo devido ao suposto comportamento agressivo de Adijalmo com toda a fam\u00edlia.<\/p>\n<p>A esposa, o filho e a nora da v\u00edtima est\u00e3o detidos na Delegacia de Pol\u00edcia de Marcel\u00e2ndia. O suspeito de ser o executor, de 22 anos, est\u00e1 foragido.<\/p>\n<p>Os dois adolescentes que teriam mostrado a casa ainda est\u00e3o \u00e0 solta, visto que suas participa\u00e7\u00f5es ainda n\u00e3o foram totalmente elucidadas. Os tr\u00eas s\u00e3o primos da companheira do filho da v\u00edtima.<\/p>\n<p><br clear=\"all\" \/><br clear=\"all\" \/><\/p>\n<p>News Rond\u00f4nia<\/p>\n","protected":false},"excerpt":{"rendered":"<p>Um homem de 58 anos identificado como Adijalmo Alves da Silva foi assassinado na noite do \u00faltimo s\u00e1bado (1\u00ba), dentro de sua casa, no Bairro&hellip; <\/p>\n","protected":false},"author":1,"featured_media":75573,"comment_status":"closed","ping_status":"closed","sticky":false,"template":"","format":"standard","meta":{"sfsi_plus_gutenberg_text_before_share":"","sfsi_plus_gutenberg_show_text_before_share":"","sfsi_plus_gutenberg_icon_type":"","sfsi_plus_gutenberg_icon_alignemt":"","sfsi_plus_gutenburg_max_per_row":"","footnotes":""},"categories":[12],"tags":[],"class_list":["post-75572","post","type-post","status-publish","format-standard","has-post-thumbnail","hentry","category-policia"],"_links":{"self":[{"href":"https:\/\/www.caririemacao.com\/1\/wp-json\/wp\/v2\/posts\/75572","targetHints":{"allow":["GET"]}}],"collection":[{"href":"https:\/\/www.caririemacao.com\/1\/wp-json\/wp\/v2\/posts"}],"about":[{"href":"https:\/\/www.caririemacao.com\/1\/wp-json\/wp\/v2\/types\/post"}],"author":[{"embeddable":true,"href":"https:\/\/www.caririemacao.com\/1\/wp-json\/wp\/v2\/users\/1"}],"replies":[{"embeddable":true,"href":"https:\/\/www.caririemacao.com\/1\/wp-json\/wp\/v2\/comments?post=75572"}],"version-history":[{"count":1,"href":"https:\/\/www.caririemacao.com\/1\/wp-json\/wp\/v2\/posts\/75572\/revisions"}],"predecessor-version":[{"id":75574,"href":"https:\/\/www.caririemacao.com\/1\/wp-json\/wp\/v2\/posts\/75572\/revisions\/75574"}],"wp:featuredmedia":[{"embeddable":true,"href":"https:\/\/www.caririemacao.com\/1\/wp-json\/wp\/v2\/media\/75573"}],"wp:attachment":[{"href":"https:\/\/www.caririemacao.com\/1\/wp-json\/wp\/v2\/media?parent=75572"}],"wp:term":[{"taxonomy":"category","embeddable":true,"href":"https:\/\/www.caririemacao.com\/1\/wp-json\/wp\/v2\/categories?post=75572"},{"taxonomy":"post_tag","embeddable":true,"href":"https:\/\/www.caririemacao.com\/1\/wp-json\/wp\/v2\/tags?post=75572"}],"curies":[{"name":"wp","href":"https:\/\/api.w.org\/{rel}","templated":true}]}}