{"id":75587,"date":"2018-12-06T12:03:11","date_gmt":"2018-12-06T15:03:11","guid":{"rendered":"http:\/\/www.caririemacao.com\/1\/?p=75587"},"modified":"2018-12-06T12:03:11","modified_gmt":"2018-12-06T15:03:11","slug":"escolas-rurais-realizam-mostras-de-projetos-em-sume-desenvolvidos-no-municipio-de-camalau","status":"publish","type":"post","link":"https:\/\/www.caririemacao.com\/1\/2018\/12\/06\/escolas-rurais-realizam-mostras-de-projetos-em-sume-desenvolvidos-no-municipio-de-camalau\/","title":{"rendered":"Escolas Rurais realizam mostras de projetos em sum\u00e9, desenvolvidos no munic\u00edpio de Camala\u00fa."},"content":{"rendered":"<p>Professores de escolas rurais do munic\u00edpio de Camala\u00fa, apresentar\u00e3o nesta quinta-feira dia 06\/12 das 08:00h \u00e0s 12:00h projetos desenvolvidos em escolas campesinas. A tem\u00e1tica \u00e9 aprender na escola do campo a conviv\u00eancia e a sustentabilidade com o semi\u00e1rido.<\/p>\n<p>A Escola Sebastiana Lafayete, localizada no s\u00edtio do meio, tendo como respons\u00e1vel o professor Alb\u00e9rio Barbosa apresentar\u00e1 o projeto \u201d Arborizando nossa escola\u201d.<\/p>\n<p>A Escola Ant\u00f4nio Alves Feitosa, localizada no s\u00edtio Madeira, tendo como respons\u00e1veis Jos\u00e9 Diones e Jo\u00e3o Evangelista ir\u00e3o apresentar o projeto intitulado \u201d Pedagogia do cinema: cinema e educa\u00e7\u00e3o no contexto rural\u201d. E por fim a Escola Joana da Costa Firmo, localuzada no S\u00edtio Cangalha, tendo como respons\u00e1veis Carmen Gorette e Maria da Paz, que ir\u00e3o apresentar o projeto: \u201cO Bioma caatinga e suas adversidades.<\/p>\n","protected":false},"excerpt":{"rendered":"<p>Professores de escolas rurais do munic\u00edpio de Camala\u00fa, apresentar\u00e3o nesta quinta-feira dia 06\/12 das 08:00h \u00e0s 12:00h projetos desenvolvidos em escolas campesinas. A tem\u00e1tica \u00e9&hellip; <\/p>\n","protected":false},"author":1,"featured_media":75588,"comment_status":"closed","ping_status":"closed","sticky":false,"template":"","format":"standard","meta":{"sfsi_plus_gutenberg_text_before_share":"","sfsi_plus_gutenberg_show_text_before_share":"","sfsi_plus_gutenberg_icon_type":"","sfsi_plus_gutenberg_icon_alignemt":"","sfsi_plus_gutenburg_max_per_row":"","footnotes":""},"categories":[14],"tags":[],"class_list":["post-75587","post","type-post","status-publish","format-standard","has-post-thumbnail","hentry","category-educacao"],"_links":{"self":[{"href":"https:\/\/www.caririemacao.com\/1\/wp-json\/wp\/v2\/posts\/75587","targetHints":{"allow":["GET"]}}],"collection":[{"href":"https:\/\/www.caririemacao.com\/1\/wp-json\/wp\/v2\/posts"}],"about":[{"href":"https:\/\/www.caririemacao.com\/1\/wp-json\/wp\/v2\/types\/post"}],"author":[{"embeddable":true,"href":"https:\/\/www.caririemacao.com\/1\/wp-json\/wp\/v2\/users\/1"}],"replies":[{"embeddable":true,"href":"https:\/\/www.caririemacao.com\/1\/wp-json\/wp\/v2\/comments?post=75587"}],"version-history":[{"count":1,"href":"https:\/\/www.caririemacao.com\/1\/wp-json\/wp\/v2\/posts\/75587\/revisions"}],"predecessor-version":[{"id":75589,"href":"https:\/\/www.caririemacao.com\/1\/wp-json\/wp\/v2\/posts\/75587\/revisions\/75589"}],"wp:featuredmedia":[{"embeddable":true,"href":"https:\/\/www.caririemacao.com\/1\/wp-json\/wp\/v2\/media\/75588"}],"wp:attachment":[{"href":"https:\/\/www.caririemacao.com\/1\/wp-json\/wp\/v2\/media?parent=75587"}],"wp:term":[{"taxonomy":"category","embeddable":true,"href":"https:\/\/www.caririemacao.com\/1\/wp-json\/wp\/v2\/categories?post=75587"},{"taxonomy":"post_tag","embeddable":true,"href":"https:\/\/www.caririemacao.com\/1\/wp-json\/wp\/v2\/tags?post=75587"}],"curies":[{"name":"wp","href":"https:\/\/api.w.org\/{rel}","templated":true}]}}