{"id":75590,"date":"2018-12-06T12:10:30","date_gmt":"2018-12-06T15:10:30","guid":{"rendered":"http:\/\/www.caririemacao.com\/1\/?p=75590"},"modified":"2018-12-06T12:10:30","modified_gmt":"2018-12-06T15:10:30","slug":"futuros-ministros-mostram-desenho-de-estrutura-para-bolsonaro","status":"publish","type":"post","link":"https:\/\/www.caririemacao.com\/1\/2018\/12\/06\/futuros-ministros-mostram-desenho-de-estrutura-para-bolsonaro\/","title":{"rendered":"Futuros ministros mostram desenho de estrutura para Bolsonaro"},"content":{"rendered":"<p>O presidente eleito, Jair Bolsonaro, chegou ao gabinete de transi\u00e7\u00e3o no Centro Cultural Banco do Brasil pouco antes das 9h acompanhado dos filhos Fl\u00e1vio, eleito senador, e Eduardo Bolsonaro, eleito para a C\u00e2mara dos Deputados. Ele se re\u00fane nesta manh\u00e3 com os ministros j\u00e1 confirmados para seu governo. A equipe vai apresentar a ele uma sugest\u00e3o do desenho consolidado da estrutura dos minist\u00e9rios, a partir do dia 1\u00ba de janeiro.<\/p>\n<p>Os trabalhos do governo de transi\u00e7\u00e3o v\u00eam ocorrendo no primeiro andar do Conjunto Cultural do Banco do Brasil (CCBB) desde 5 de novembro. \u00c0 medida que novos nomes s\u00e3o anunciados para o primeiro escal\u00e3o, t\u00e9cnicos e autoridades do atual governo come\u00e7am a se debru\u00e7ar com os futuros ministros na estrutura esperada para o pr\u00f3ximo mandato Executivo.<\/p>\n<p>Na \u00faltima segunda-feira (3), ministro extraordin\u00e1rio da transi\u00e7\u00e3o, Onyx Lorenzoni, confirmado para a Casa Civil, divulgou o que pode ser a estrutura definitiva da Esplanada dos Minist\u00e9rios no governo de Jair Bolsonaro. No total de 22 pastas, Onyx explicou que est\u00e3o inclu\u00eddos Banco Central (BC) e Advocacia-Geral da Uni\u00e3o (AGU) que dever\u00e3o perder o <em>status<\/em> de minist\u00e9rio na pr\u00f3xima gest\u00e3o, reduzindo posteriormente o n\u00famero de Minist\u00e9rios a 20.<\/p>\n<p>Bolsonaro ainda precisa confirmar os nomes que comandar\u00e3o o Meio Ambiente e a pasta de Direitos Humanos. Esta \u00faltima pode ainda passar a ter <em>status <\/em>de secretaria, mas ainda n\u00e3o h\u00e1 decis\u00f5es oficiais.<\/p>\n<p>O presidente eleito deve passar todo o dia em reuni\u00f5es internas no CCBB e ainda dorme na resid\u00eancia oficial da Granja do Torto esta noite. Na manh\u00e3 de sexta-feira (7), Bolsonaro embarca as 8h para Pirassununga (SP) onde participar\u00e1 da cerim\u00f4nia de Declara\u00e7\u00e3o de Guardas-Marinha, uma formatura militar-naval.<\/p>\n<p>&nbsp;<\/p>\n<p>EBC<\/p>\n","protected":false},"excerpt":{"rendered":"<p>O presidente eleito, Jair Bolsonaro, chegou ao gabinete de transi\u00e7\u00e3o no Centro Cultural Banco do Brasil pouco antes das 9h acompanhado dos filhos Fl\u00e1vio, eleito&hellip; <\/p>\n","protected":false},"author":1,"featured_media":75591,"comment_status":"closed","ping_status":"closed","sticky":false,"template":"","format":"standard","meta":{"sfsi_plus_gutenberg_text_before_share":"","sfsi_plus_gutenberg_show_text_before_share":"","sfsi_plus_gutenberg_icon_type":"","sfsi_plus_gutenberg_icon_alignemt":"","sfsi_plus_gutenburg_max_per_row":"","footnotes":""},"categories":[11],"tags":[],"class_list":["post-75590","post","type-post","status-publish","format-standard","has-post-thumbnail","hentry","category-politica"],"_links":{"self":[{"href":"https:\/\/www.caririemacao.com\/1\/wp-json\/wp\/v2\/posts\/75590","targetHints":{"allow":["GET"]}}],"collection":[{"href":"https:\/\/www.caririemacao.com\/1\/wp-json\/wp\/v2\/posts"}],"about":[{"href":"https:\/\/www.caririemacao.com\/1\/wp-json\/wp\/v2\/types\/post"}],"author":[{"embeddable":true,"href":"https:\/\/www.caririemacao.com\/1\/wp-json\/wp\/v2\/users\/1"}],"replies":[{"embeddable":true,"href":"https:\/\/www.caririemacao.com\/1\/wp-json\/wp\/v2\/comments?post=75590"}],"version-history":[{"count":1,"href":"https:\/\/www.caririemacao.com\/1\/wp-json\/wp\/v2\/posts\/75590\/revisions"}],"predecessor-version":[{"id":75592,"href":"https:\/\/www.caririemacao.com\/1\/wp-json\/wp\/v2\/posts\/75590\/revisions\/75592"}],"wp:featuredmedia":[{"embeddable":true,"href":"https:\/\/www.caririemacao.com\/1\/wp-json\/wp\/v2\/media\/75591"}],"wp:attachment":[{"href":"https:\/\/www.caririemacao.com\/1\/wp-json\/wp\/v2\/media?parent=75590"}],"wp:term":[{"taxonomy":"category","embeddable":true,"href":"https:\/\/www.caririemacao.com\/1\/wp-json\/wp\/v2\/categories?post=75590"},{"taxonomy":"post_tag","embeddable":true,"href":"https:\/\/www.caririemacao.com\/1\/wp-json\/wp\/v2\/tags?post=75590"}],"curies":[{"name":"wp","href":"https:\/\/api.w.org\/{rel}","templated":true}]}}