{"id":75593,"date":"2018-12-06T12:12:32","date_gmt":"2018-12-06T15:12:32","guid":{"rendered":"http:\/\/www.caririemacao.com\/1\/?p=75593"},"modified":"2018-12-06T12:12:32","modified_gmt":"2018-12-06T15:12:32","slug":"alimentos-da-cesta-basica-estao-mais-caros-em-16-capitais-brasileiras","status":"publish","type":"post","link":"https:\/\/www.caririemacao.com\/1\/2018\/12\/06\/alimentos-da-cesta-basica-estao-mais-caros-em-16-capitais-brasileiras\/","title":{"rendered":"Alimentos da cesta b\u00e1sica est\u00e3o mais caros em 16 capitais brasileiras"},"content":{"rendered":"<p>O pre\u00e7o dos alimentos da cesta b\u00e1sica aumentou em 16 das 18 capitais brasileiras pesquisadas pelo Departamento Intersindical de Estat\u00edstica e Estudos Socioecon\u00f4micos ( Dieese). As altas mais expressivas foram em Belo Horizonte (7,81%), S\u00e3o Lu\u00eds (6,44%), Campo Grande (6,05%) e S\u00e3o Paulo (5,68%). Houve queda em Vit\u00f3ria (-2,65%) e Salvador (-0,26%).<\/p>\n<p>A cesta mais cara foi a de S\u00e3o Paulo (R$ 471,37), seguida pela de Porto Alegre (R$ 463,09), Rio<span id=\"OBJ_PREFIX_DWT144_com_zimbra_date\" role=\"link\"> de Janeiro<\/span> (R$ 460,24) e Florian\u00f3polis (R$ 454,87). Os menores valores m\u00e9dios foram observados em Salvador (R$ 330,17) e <span id=\"OBJ_PREFIX_DWT145_com_zimbra_date\" role=\"link\"><span id=\"OBJ_PREFIX_DWT147_com_zimbra_date\" role=\"link\">Natal<\/span><\/span> (R$ 332,21). Durante o ano de 2018, todas as capitais acumularam alta, com destaque para Campo Grande (14,89%), Bras\u00edlia (13,44%) e Fortaleza (12,03%).<\/p>\n<p>De outubro a novembro deste ano,\u00a0os alimentos que apresentaram alta na maior parte das capitais pesquisadas foram tomate, batata, \u00f3leo de soja, p\u00e3o franc\u00eas e carne bovina de primeira. J\u00e1 o leite integral teve queda de pre\u00e7os em 16 capitais.<\/p>\n<p>Com base nesses valores, o Dieese estimou em R$ 3.959,98 o sal\u00e1rio m\u00ednimo necess\u00e1rio para a uma fam\u00edlia de quatro pessoas no m\u00eas<span id=\"OBJ_PREFIX_DWT146_com_zimbra_date\" role=\"link\"> de novembro<\/span>, o equivalente a 4,15 vezes o m\u00ednimo atual, de R$ 954. Em outubro, o sal\u00e1rio m\u00ednimo foi estimado em R$ 3.783,39. O tempo m\u00e9dio que um trabalhador levou para adquirir os produtos da cesta b\u00e1sica, em novembro, foi de 91 horas e 13 minutos. Em outubro de 2018, ficou em 88 horas e 30 minutos.<\/p>\n<p>&nbsp;<\/p>\n<p>EBC<\/p>\n","protected":false},"excerpt":{"rendered":"<p>O pre\u00e7o dos alimentos da cesta b\u00e1sica aumentou em 16 das 18 capitais brasileiras pesquisadas pelo Departamento Intersindical de Estat\u00edstica e Estudos Socioecon\u00f4micos ( Dieese).&hellip; <\/p>\n","protected":false},"author":1,"featured_media":75594,"comment_status":"closed","ping_status":"closed","sticky":false,"template":"","format":"standard","meta":{"sfsi_plus_gutenberg_text_before_share":"","sfsi_plus_gutenberg_show_text_before_share":"","sfsi_plus_gutenberg_icon_type":"","sfsi_plus_gutenberg_icon_alignemt":"","sfsi_plus_gutenburg_max_per_row":"","footnotes":""},"categories":[6,50],"tags":[],"class_list":["post-75593","post","type-post","status-publish","format-standard","has-post-thumbnail","hentry","category-cidades","category-destaque"],"_links":{"self":[{"href":"https:\/\/www.caririemacao.com\/1\/wp-json\/wp\/v2\/posts\/75593","targetHints":{"allow":["GET"]}}],"collection":[{"href":"https:\/\/www.caririemacao.com\/1\/wp-json\/wp\/v2\/posts"}],"about":[{"href":"https:\/\/www.caririemacao.com\/1\/wp-json\/wp\/v2\/types\/post"}],"author":[{"embeddable":true,"href":"https:\/\/www.caririemacao.com\/1\/wp-json\/wp\/v2\/users\/1"}],"replies":[{"embeddable":true,"href":"https:\/\/www.caririemacao.com\/1\/wp-json\/wp\/v2\/comments?post=75593"}],"version-history":[{"count":1,"href":"https:\/\/www.caririemacao.com\/1\/wp-json\/wp\/v2\/posts\/75593\/revisions"}],"predecessor-version":[{"id":75595,"href":"https:\/\/www.caririemacao.com\/1\/wp-json\/wp\/v2\/posts\/75593\/revisions\/75595"}],"wp:featuredmedia":[{"embeddable":true,"href":"https:\/\/www.caririemacao.com\/1\/wp-json\/wp\/v2\/media\/75594"}],"wp:attachment":[{"href":"https:\/\/www.caririemacao.com\/1\/wp-json\/wp\/v2\/media?parent=75593"}],"wp:term":[{"taxonomy":"category","embeddable":true,"href":"https:\/\/www.caririemacao.com\/1\/wp-json\/wp\/v2\/categories?post=75593"},{"taxonomy":"post_tag","embeddable":true,"href":"https:\/\/www.caririemacao.com\/1\/wp-json\/wp\/v2\/tags?post=75593"}],"curies":[{"name":"wp","href":"https:\/\/api.w.org\/{rel}","templated":true}]}}