{"id":75608,"date":"2018-12-06T13:30:57","date_gmt":"2018-12-06T16:30:57","guid":{"rendered":"http:\/\/www.caririemacao.com\/1\/?p=75608"},"modified":"2018-12-06T13:33:42","modified_gmt":"2018-12-06T16:33:42","slug":"prefeitura-de-prata-fara-cortes-para-se-ajustar-as-recomendacoes-do-tce","status":"publish","type":"post","link":"https:\/\/www.caririemacao.com\/1\/2018\/12\/06\/prefeitura-de-prata-fara-cortes-para-se-ajustar-as-recomendacoes-do-tce\/","title":{"rendered":"Prefeitura de Prata far\u00e1 cortes para se ajustar as recomenda\u00e7\u00f5es do TCE"},"content":{"rendered":"<p>O prefeito do munic\u00edpio da Prata, J\u00fanior N\u00f3brega, anunciou que far\u00e1 cortes em v\u00e1rias \u00e1reas da administra\u00e7\u00e3o do munic\u00edpio, seguindo orienta\u00e7\u00e3o do Tribunal de Contas do Estado.<\/p>\n<p>Segundo o prefeito J\u00fanior N\u00f3brega, se faz necess\u00e1rio se adequar as metas estabelecidas pela Lei de Responsabilidade Fiscal, caso isto n\u00e3o ocorra, o gestor ser\u00e1 penalizado.<\/p>\n<p>\u201cTodos os munic\u00edpios tiveram queda de receitas, n\u00e3o sendo o nosso diferente, e para isso, faremos cortes em todas as \u00e1reas administrativas, comissionados, di\u00e1rias, precisamos reduzir o tamanho da m\u00e1quina administrativa e alguns servi\u00e7os ser\u00e3o afetados, n\u00e3o os essenciais a popula\u00e7\u00e3o\u201d, disse o gestor.<\/p>\n<p>O prefeito salientou que espera dias melhores, aumento de arrecada\u00e7\u00e3o para que se possa voltar a normalidade de todos os servi\u00e7os e a\u00e7\u00f5es desta gest\u00e3o para a popula\u00e7\u00e3o pratense.<\/p>\n<p>&nbsp;<\/p>\n<p>Ascom\/Prata<\/p>\n","protected":false},"excerpt":{"rendered":"<p>O prefeito do munic\u00edpio da Prata, J\u00fanior N\u00f3brega, anunciou que far\u00e1 cortes em v\u00e1rias \u00e1reas da administra\u00e7\u00e3o do munic\u00edpio, seguindo orienta\u00e7\u00e3o do Tribunal de Contas&hellip; <\/p>\n","protected":false},"author":1,"featured_media":14424,"comment_status":"closed","ping_status":"closed","sticky":false,"template":"","format":"standard","meta":{"sfsi_plus_gutenberg_text_before_share":"","sfsi_plus_gutenberg_show_text_before_share":"","sfsi_plus_gutenberg_icon_type":"","sfsi_plus_gutenberg_icon_alignemt":"","sfsi_plus_gutenburg_max_per_row":"","footnotes":""},"categories":[6],"tags":[],"class_list":["post-75608","post","type-post","status-publish","format-standard","has-post-thumbnail","hentry","category-cidades"],"_links":{"self":[{"href":"https:\/\/www.caririemacao.com\/1\/wp-json\/wp\/v2\/posts\/75608","targetHints":{"allow":["GET"]}}],"collection":[{"href":"https:\/\/www.caririemacao.com\/1\/wp-json\/wp\/v2\/posts"}],"about":[{"href":"https:\/\/www.caririemacao.com\/1\/wp-json\/wp\/v2\/types\/post"}],"author":[{"embeddable":true,"href":"https:\/\/www.caririemacao.com\/1\/wp-json\/wp\/v2\/users\/1"}],"replies":[{"embeddable":true,"href":"https:\/\/www.caririemacao.com\/1\/wp-json\/wp\/v2\/comments?post=75608"}],"version-history":[{"count":3,"href":"https:\/\/www.caririemacao.com\/1\/wp-json\/wp\/v2\/posts\/75608\/revisions"}],"predecessor-version":[{"id":75613,"href":"https:\/\/www.caririemacao.com\/1\/wp-json\/wp\/v2\/posts\/75608\/revisions\/75613"}],"wp:featuredmedia":[{"embeddable":true,"href":"https:\/\/www.caririemacao.com\/1\/wp-json\/wp\/v2\/media\/14424"}],"wp:attachment":[{"href":"https:\/\/www.caririemacao.com\/1\/wp-json\/wp\/v2\/media?parent=75608"}],"wp:term":[{"taxonomy":"category","embeddable":true,"href":"https:\/\/www.caririemacao.com\/1\/wp-json\/wp\/v2\/categories?post=75608"},{"taxonomy":"post_tag","embeddable":true,"href":"https:\/\/www.caririemacao.com\/1\/wp-json\/wp\/v2\/tags?post=75608"}],"curies":[{"name":"wp","href":"https:\/\/api.w.org\/{rel}","templated":true}]}}