{"id":75617,"date":"2018-12-06T13:39:11","date_gmt":"2018-12-06T16:39:11","guid":{"rendered":"http:\/\/www.caririemacao.com\/1\/?p=75617"},"modified":"2018-12-06T13:39:11","modified_gmt":"2018-12-06T16:39:11","slug":"mais-medicos-reabre-inscricoes-com-vaga-para-sao-sebastiao-do-umbuzeiro","status":"publish","type":"post","link":"https:\/\/www.caririemacao.com\/1\/2018\/12\/06\/mais-medicos-reabre-inscricoes-com-vaga-para-sao-sebastiao-do-umbuzeiro\/","title":{"rendered":"\u2018Mais M\u00e9dicos\u2019 reabre inscri\u00e7\u00f5es com vaga para S\u00e3o Sebasti\u00e3o do Umbuzeiro"},"content":{"rendered":"<p>Ao todo, oito vagas para o programa Mais M\u00e9dicos foram reabertas na Para\u00edba, devido a desist\u00eancias de profissionais, conforme o e<a href=\"http:\/\/maismedicos.gov.br\/images\/PDF\/VagasDesocupadas16ciclo_051218.pdf\">dital divulgado pelo Minist\u00e9rio da Sa\u00fade<\/a>\u00a0ontem (5). As inscri\u00e7\u00f5es devem ser feitas pela internet, at\u00e9 a sexta-feira (7).<\/p>\n<p>No estado, conforme o edital, as vagas s\u00e3o para os munic\u00edpios de Alagoinha, Caapor\u00e3, Juru, Lagoa, Riach\u00e3o, Santa Cec\u00edlia,\u00a0<strong>S\u00e3o Sebasti\u00e3o do Umbuzeiro<\/strong>\u00a0e Umbuzeiro, sendo uma oportunidade em cada. Em todo o pa\u00eds, foram reabertas 200 vagas.<\/p>\n<p>De acordo com o Minist\u00e9rio, o principal motivo apresentado pelos m\u00e9dicos que desistiram foi a incompatibilidade de hor\u00e1rio com outras atividades, uma vez que os profissionais precisar\u00e3o se dedicar 40 horas por semana ao programa. Outras justificativas foram a aprova\u00e7\u00e3o em resid\u00eancia m\u00e9dica, o recebimento de outra proposta ou problemas pessoais.<\/p>\n<p>Em caso de desist\u00eancia, o convocado deve informar o munic\u00edpio onde foi alocado e esse deve notificar o Minist\u00e9rio da Sa\u00fade. A pasta tem entrado em contato com os m\u00e9dicos por meio do e-mail informado na inscri\u00e7\u00e3o e liga\u00e7\u00f5es telef\u00f4nicas. Os profissionais inscritos t\u00eam at\u00e9 o dia 14 de dezembro para confirmar interesse.<\/p>\n<p>No dia 25 de novembro, a Secretaria de Estado da Sa\u00fade informou que todas as 128 vagas para o Mais M\u00e9dicos na Para\u00edba j\u00e1 haviam sido preenchidas. Com essa reabertura, o estado passa a ter 120 vagas ocupadas.<\/p>\n","protected":false},"excerpt":{"rendered":"<p>Ao todo, oito vagas para o programa Mais M\u00e9dicos foram reabertas na Para\u00edba, devido a desist\u00eancias de profissionais, conforme o edital divulgado pelo Minist\u00e9rio da&hellip; <\/p>\n","protected":false},"author":1,"featured_media":28337,"comment_status":"closed","ping_status":"closed","sticky":false,"template":"","format":"standard","meta":{"sfsi_plus_gutenberg_text_before_share":"","sfsi_plus_gutenberg_show_text_before_share":"","sfsi_plus_gutenberg_icon_type":"","sfsi_plus_gutenberg_icon_alignemt":"","sfsi_plus_gutenburg_max_per_row":"","footnotes":""},"categories":[6],"tags":[],"class_list":["post-75617","post","type-post","status-publish","format-standard","has-post-thumbnail","hentry","category-cidades"],"_links":{"self":[{"href":"https:\/\/www.caririemacao.com\/1\/wp-json\/wp\/v2\/posts\/75617","targetHints":{"allow":["GET"]}}],"collection":[{"href":"https:\/\/www.caririemacao.com\/1\/wp-json\/wp\/v2\/posts"}],"about":[{"href":"https:\/\/www.caririemacao.com\/1\/wp-json\/wp\/v2\/types\/post"}],"author":[{"embeddable":true,"href":"https:\/\/www.caririemacao.com\/1\/wp-json\/wp\/v2\/users\/1"}],"replies":[{"embeddable":true,"href":"https:\/\/www.caririemacao.com\/1\/wp-json\/wp\/v2\/comments?post=75617"}],"version-history":[{"count":1,"href":"https:\/\/www.caririemacao.com\/1\/wp-json\/wp\/v2\/posts\/75617\/revisions"}],"predecessor-version":[{"id":75618,"href":"https:\/\/www.caririemacao.com\/1\/wp-json\/wp\/v2\/posts\/75617\/revisions\/75618"}],"wp:featuredmedia":[{"embeddable":true,"href":"https:\/\/www.caririemacao.com\/1\/wp-json\/wp\/v2\/media\/28337"}],"wp:attachment":[{"href":"https:\/\/www.caririemacao.com\/1\/wp-json\/wp\/v2\/media?parent=75617"}],"wp:term":[{"taxonomy":"category","embeddable":true,"href":"https:\/\/www.caririemacao.com\/1\/wp-json\/wp\/v2\/categories?post=75617"},{"taxonomy":"post_tag","embeddable":true,"href":"https:\/\/www.caririemacao.com\/1\/wp-json\/wp\/v2\/tags?post=75617"}],"curies":[{"name":"wp","href":"https:\/\/api.w.org\/{rel}","templated":true}]}}