{"id":75626,"date":"2018-12-06T15:23:51","date_gmt":"2018-12-06T18:23:51","guid":{"rendered":"http:\/\/www.caririemacao.com\/1\/?p=75626"},"modified":"2018-12-06T15:23:51","modified_gmt":"2018-12-06T18:23:51","slug":"camara-de-sume-esclarece-pontos-do-projeto-que-trata-da-taxa-de-iluminacao-publica","status":"publish","type":"post","link":"https:\/\/www.caririemacao.com\/1\/2018\/12\/06\/camara-de-sume-esclarece-pontos-do-projeto-que-trata-da-taxa-de-iluminacao-publica\/","title":{"rendered":"C\u00e2mara de Sum\u00e9 esclarece pontos do projeto que trata da taxa de ilumina\u00e7\u00e3o p\u00fablica"},"content":{"rendered":"<p>A C\u00e2mara de Vereadores aprovou nesta ter\u00e7a-feira (04\/12), o Projeto de Lei que trata sobre a tarifa de ilumina\u00e7\u00e3o p\u00fablica, N\u00c3O \u00e9 reajuste da conta de energia, o PL disp\u00f5e da tarifa de ilumina\u00e7\u00e3o p\u00fablica, sobre esse tema \u00e9 importante esclarecer que;<\/p>\n<p>1- O projeto encaminhado pelo Executivo e aprovado pelo Legislativo segue as normativas da Ag\u00eancia Nacional de Energia El\u00e9trica (Aneel);<br \/>\n2- Na zona urbana, o projeto Isenta da taxa de ilumina\u00e7\u00e3o p\u00fablica quem consome abaixo de 30 KW;<br \/>\n3- Quem consome de 30 a 100KW na zona urbana o reajuste ser\u00e1 de 3%;<br \/>\n4- Para zona rural, quem consome abaixo de 50KW ser\u00e1 isento da cobran\u00e7a;<br \/>\n5- Quem consome acima de 100 KW na zona rural \u00e9 que pagar\u00e1 7,0% sobre o valor fixado pela Aneel;<br \/>\n6- O reajuste foi necess\u00e1rio em virtude do aumento de pontos de ilumina\u00e7\u00e3o, passando de 2.089 pontos para 3.837 pontos, instalados em virtude do crescimento da cidade;<br \/>\n7- Mesmo com o reajuste a Prefeitura ter\u00e1 que complementar recursos para o pagamento da conta da ilumina\u00e7\u00e3o p\u00fablica;<br \/>\n8- A Prefeitura ir\u00e1 trocar as l\u00e2mpadas atuais por l\u00e2mpadas de LED, visando diminuir a conta da ilumina\u00e7\u00e3o p\u00fablica, possibilitando a redu\u00e7\u00e3o da tarifa em breve;<br \/>\n9- Sum\u00e9 \u00e9 o 3\u00ba maior munic\u00edpio da Para\u00edba, s\u00e3o 540 KM de estradas, assim, o custo de manuten\u00e7\u00e3o da Ilumina\u00e7\u00e3o na zona rural \u00e9 ainda maior;<br \/>\n10- O projeto come\u00e7a a vigorar apenas em mar\u00e7o;<\/p>\n<p>Por fim, a C\u00e2mara de Vereadores de Sum\u00e9 ressalta o compromisso de continuar trabalhando com responsabilidade, aprovando projetos necess\u00e1rios para o andamento das a\u00e7\u00f5es no munic\u00edpio.<\/p>\n<p>O Legislativo Sumeense repudia veementemente as not\u00edcias falsas divulgadas nas redes sociais sobre o projeto da tarifa de ilumina\u00e7\u00e3o p\u00fablica.<\/p>\n<p>Ascom\/C\u00e2mara<\/p>\n","protected":false},"excerpt":{"rendered":"<p>A C\u00e2mara de Vereadores aprovou nesta ter\u00e7a-feira (04\/12), o Projeto de Lei que trata sobre a tarifa de ilumina\u00e7\u00e3o p\u00fablica, N\u00c3O \u00e9 reajuste da conta&hellip; <\/p>\n","protected":false},"author":1,"featured_media":75627,"comment_status":"closed","ping_status":"closed","sticky":false,"template":"","format":"standard","meta":{"sfsi_plus_gutenberg_text_before_share":"","sfsi_plus_gutenberg_show_text_before_share":"","sfsi_plus_gutenberg_icon_type":"","sfsi_plus_gutenberg_icon_alignemt":"","sfsi_plus_gutenburg_max_per_row":"","footnotes":""},"categories":[50,2],"tags":[],"class_list":["post-75626","post","type-post","status-publish","format-standard","has-post-thumbnail","hentry","category-destaque","category-geral"],"_links":{"self":[{"href":"https:\/\/www.caririemacao.com\/1\/wp-json\/wp\/v2\/posts\/75626","targetHints":{"allow":["GET"]}}],"collection":[{"href":"https:\/\/www.caririemacao.com\/1\/wp-json\/wp\/v2\/posts"}],"about":[{"href":"https:\/\/www.caririemacao.com\/1\/wp-json\/wp\/v2\/types\/post"}],"author":[{"embeddable":true,"href":"https:\/\/www.caririemacao.com\/1\/wp-json\/wp\/v2\/users\/1"}],"replies":[{"embeddable":true,"href":"https:\/\/www.caririemacao.com\/1\/wp-json\/wp\/v2\/comments?post=75626"}],"version-history":[{"count":1,"href":"https:\/\/www.caririemacao.com\/1\/wp-json\/wp\/v2\/posts\/75626\/revisions"}],"predecessor-version":[{"id":75628,"href":"https:\/\/www.caririemacao.com\/1\/wp-json\/wp\/v2\/posts\/75626\/revisions\/75628"}],"wp:featuredmedia":[{"embeddable":true,"href":"https:\/\/www.caririemacao.com\/1\/wp-json\/wp\/v2\/media\/75627"}],"wp:attachment":[{"href":"https:\/\/www.caririemacao.com\/1\/wp-json\/wp\/v2\/media?parent=75626"}],"wp:term":[{"taxonomy":"category","embeddable":true,"href":"https:\/\/www.caririemacao.com\/1\/wp-json\/wp\/v2\/categories?post=75626"},{"taxonomy":"post_tag","embeddable":true,"href":"https:\/\/www.caririemacao.com\/1\/wp-json\/wp\/v2\/tags?post=75626"}],"curies":[{"name":"wp","href":"https:\/\/api.w.org\/{rel}","templated":true}]}}