{"id":75632,"date":"2018-12-07T11:11:36","date_gmt":"2018-12-07T14:11:36","guid":{"rendered":"http:\/\/www.caririemacao.com\/1\/?p=75632"},"modified":"2018-12-07T11:14:04","modified_gmt":"2018-12-07T14:14:04","slug":"joao-azevedo-anuncia-33-nomes-que-comporao-seu-governo-em-2019-confira","status":"publish","type":"post","link":"https:\/\/www.caririemacao.com\/1\/2018\/12\/07\/joao-azevedo-anuncia-33-nomes-que-comporao-seu-governo-em-2019-confira\/","title":{"rendered":"Jo\u00e3o Azev\u00eado anuncia 33 nomes que compor\u00e3o seu governo em 2019; confira"},"content":{"rendered":"<p>O governador eleito da Para\u00edba, Jo\u00e3o Azev\u00eado (PSB), em live nas redes sociais nesta sexta-feira (7), divulgou os primeiros nomes do secretariado do seu governo que se inicia em 2019.<\/p>\n<p>Poucas foram as mudan\u00e7as em rela\u00e7\u00e3o \u00e0 atual gest\u00e3o. Dentre as novidades, se destacou a presen\u00e7a do deputado federal Luiz Couto (PT) na pasta de Agricultura Familiar e Desenvolvimento do Semi\u00e1rido.<\/p>\n<p>Jo\u00e3o fez ainda mudan\u00e7as nas estruturas de duas pastas importantes. Ele desvinculou a Ci\u00eancia e Tecnologia da Secretaria de Infraestrutura, a subordinando \u00e0 de Educa\u00e7\u00e3o, que permanecer\u00e1 com Al\u00e9ssio Trindade. Quem ficar\u00e1 com a Executiva respons\u00e1vel pelo fomento em tecnologia ser\u00e1 Cl\u00e1udio Furtado.<\/p>\n<p>Na Sa\u00fade, criou dois cargos executivos para melhor gerenciar as demandas do Estado e o funcionamento de hospitais, UPAs e a rede estadual do Hemocentro. Na titularidade, Cl\u00e1udia Veras permaneceu,<\/p>\n<p><strong>Confira os nomes:<\/strong><\/p>\n<p>Secretaria de Estado de Governo \u2013 Nonato Bandeira<\/p>\n<p>Casa Civil \u2013 Ives Rodrigues<\/p>\n<p>Casa Militar \u2013 tenente coronel Anderson<\/p>\n<p>Procuradoria-Geral do Estado \u2013 Gilberto Carneiro<\/p>\n<p>Procurador-Geral adjunto \u2013 Paulo M\u00e1rcio<\/p>\n<p>Controladoria-Geral do Estado \u2013 Gilmar Martins<\/p>\n<p>Comunica\u00e7\u00e3o \u2013 Lu\u00eds T\u00f4rres<\/p>\n<p>Executivo de Comunica\u00e7\u00e3o \u2013 Ti\u00e3o Lucena<\/p>\n<p>Chefia de Gabinete \u2013 Ronaldo Guerra<\/p>\n<p>PBPrev \u2013 Yuri Simpson<\/p>\n<p>Administra\u00e7\u00e3o \u2013 Liv\u00e2nia Farias<\/p>\n<p>Finan\u00e7as \u2013 Amanda Rodrigues<\/p>\n<p>Planejamento- Waldson de Souza<\/p>\n<p>Executivo de Planejamento \u2013 F\u00e1bio Maia<\/p>\n<p>Receita \u2013 Marialvo Laureano<\/p>\n<p>Executivo da Receita \u2013 Bruno Fraga<\/p>\n<p>Educa\u00e7\u00e3o \u2013 Al\u00e9ssio Trindade<\/p>\n<p>Ci\u00eancia e Tecnologia \u2013 Cl\u00e1udio Furtado<\/p>\n<p>Administrativa de execu\u00e7\u00e3o \u2013 Artur Viana<\/p>\n<p>Sa\u00fade \u2013 Cl\u00e1udia Veras<\/p>\n<p>Executivo da Sa\u00fade \u2013 Geraldo Medeiros<\/p>\n<p>Executivo da Sa\u00fade \u2013 Renata Val\u00e9ria N\u00f3brega<\/p>\n<p>Administra\u00e7\u00e3o Penitenci\u00e1ria \u2013 S\u00e9rgio Fonseca<\/p>\n<p>Infraestrutura \u2013 Deusdete Queiroga<\/p>\n<p>Executivo de Infraestrutura \u2013 Virgiane Melo<\/p>\n<p>Turismo e desenvolvimento econ\u00f4mico \u2013 Gustavo Feliciano<\/p>\n<p>Executivo de turismo \u2013 Ivan Burity<\/p>\n<p>Agropecu\u00e1ria e pesca \u2013 Efraim Morais<\/p>\n<p>Da mulher e Direitos Humanos \u2013 Gilberta<\/p>\n<p>Agricultura familiar \u2013 Luiz\u00a0 Couto<\/p>\n<p>DER \u2013 Carlos Pereira<\/p>\n<p>Suplan \u2013 Simone Guimar\u00e3es<\/p>\n<p>PBG\u00e1s \u2013 Tarciana Domiciano<\/p>\n","protected":false},"excerpt":{"rendered":"<p>O governador eleito da Para\u00edba, Jo\u00e3o Azev\u00eado (PSB), em live nas redes sociais nesta sexta-feira (7), divulgou os primeiros nomes do secretariado do seu governo&hellip; <\/p>\n","protected":false},"author":2,"featured_media":75634,"comment_status":"closed","ping_status":"closed","sticky":false,"template":"","format":"standard","meta":{"sfsi_plus_gutenberg_text_before_share":"","sfsi_plus_gutenberg_show_text_before_share":"","sfsi_plus_gutenberg_icon_type":"","sfsi_plus_gutenberg_icon_alignemt":"","sfsi_plus_gutenburg_max_per_row":"","footnotes":""},"categories":[11],"tags":[],"class_list":["post-75632","post","type-post","status-publish","format-standard","has-post-thumbnail","hentry","category-politica"],"_links":{"self":[{"href":"https:\/\/www.caririemacao.com\/1\/wp-json\/wp\/v2\/posts\/75632","targetHints":{"allow":["GET"]}}],"collection":[{"href":"https:\/\/www.caririemacao.com\/1\/wp-json\/wp\/v2\/posts"}],"about":[{"href":"https:\/\/www.caririemacao.com\/1\/wp-json\/wp\/v2\/types\/post"}],"author":[{"embeddable":true,"href":"https:\/\/www.caririemacao.com\/1\/wp-json\/wp\/v2\/users\/2"}],"replies":[{"embeddable":true,"href":"https:\/\/www.caririemacao.com\/1\/wp-json\/wp\/v2\/comments?post=75632"}],"version-history":[{"count":3,"href":"https:\/\/www.caririemacao.com\/1\/wp-json\/wp\/v2\/posts\/75632\/revisions"}],"predecessor-version":[{"id":75637,"href":"https:\/\/www.caririemacao.com\/1\/wp-json\/wp\/v2\/posts\/75632\/revisions\/75637"}],"wp:featuredmedia":[{"embeddable":true,"href":"https:\/\/www.caririemacao.com\/1\/wp-json\/wp\/v2\/media\/75634"}],"wp:attachment":[{"href":"https:\/\/www.caririemacao.com\/1\/wp-json\/wp\/v2\/media?parent=75632"}],"wp:term":[{"taxonomy":"category","embeddable":true,"href":"https:\/\/www.caririemacao.com\/1\/wp-json\/wp\/v2\/categories?post=75632"},{"taxonomy":"post_tag","embeddable":true,"href":"https:\/\/www.caririemacao.com\/1\/wp-json\/wp\/v2\/tags?post=75632"}],"curies":[{"name":"wp","href":"https:\/\/api.w.org\/{rel}","templated":true}]}}