{"id":75638,"date":"2018-12-07T11:15:19","date_gmt":"2018-12-07T14:15:19","guid":{"rendered":"http:\/\/www.caririemacao.com\/1\/?p=75638"},"modified":"2018-12-07T11:15:19","modified_gmt":"2018-12-07T14:15:19","slug":"ligia-feliciano-comemora-conquistas-na-saude-e-economia-da-paraiba","status":"publish","type":"post","link":"https:\/\/www.caririemacao.com\/1\/2018\/12\/07\/ligia-feliciano-comemora-conquistas-na-saude-e-economia-da-paraiba\/","title":{"rendered":"L\u00edgia Feliciano comemora conquistas na sa\u00fade e economia da Para\u00edba"},"content":{"rendered":"<p>A vice-governadora da Para\u00edba, L\u00edgia Feliciano (PDT), participou nessa quinta-feira (6), do evento em comemora\u00e7\u00e3o aos 25 anos da Central Sicredi Norte\/Nordeste.<\/p>\n<p>Em sua fala, L\u00edgia lembrou das conquistas do governo do estado nos setores da sa\u00fade e do desenvolvimento econ\u00f4mico. \u201cNingu\u00e9m faz nada sozinho, a uni\u00e3o deste governo fez com a Para\u00edba tivesse avan\u00e7os significativos em \u00e1reas importantes como a sa\u00fade e a economia. Fico muito feliz em compartilhar estas experi\u00eancias na comemora\u00e7\u00e3o dos 25 anos do Sicredi\u201d, disse.<\/p>\n<p>A vice-governadora, que tamb\u00e9m \u00e9 m\u00e9dica e empres\u00e1ria ressaltou ainda a import\u00e2ncia do trabalho cooperativista, participativo e colaborativo.<\/p>\n<p>\u201cAndar de m\u00e3os dadas, investir em capacita\u00e7\u00e3o e pensar em desenvolvimento econ\u00f4mico seja na iniciativa p\u00fablica ou privada, exige compromisso, exige parceria. Sei o quanto \u00e9 dif\u00edcil crescer, conseguir um equil\u00edbrio fiscal, precisar demitir em um per\u00edodo de crise. Mas quando o foco \u00e9 um s\u00f3, os desafios s\u00e3os superados\u201d, acrescentou.<\/p>\n<p>A comemora\u00e7\u00e3o de 25 anos da Central Sicredi Norte\/Nordeste contou com a presen\u00e7a de pol\u00edticos, como o deputado federal pelo PDT Dami\u00e3o Feliciano, o vice-prefeito de Jo\u00e3o Pessoa, Manoel J\u00fanior (PSC) e o deputado estadual Edimilson Soares (PDT). Al\u00e9m de dirigentes do Banco do Nordeste, Sicredi Brasil, m\u00e9dicos e empres\u00e1rios locais. O evento aconteceu no Pa\u00e7o dos Le\u00f5es.<\/p>\n","protected":false},"excerpt":{"rendered":"<p>A vice-governadora da Para\u00edba, L\u00edgia Feliciano (PDT), participou nessa quinta-feira (6), do evento em comemora\u00e7\u00e3o aos 25 anos da Central Sicredi Norte\/Nordeste. Em sua fala,&hellip; <\/p>\n","protected":false},"author":1,"featured_media":41329,"comment_status":"closed","ping_status":"closed","sticky":false,"template":"","format":"standard","meta":{"sfsi_plus_gutenberg_text_before_share":"","sfsi_plus_gutenberg_show_text_before_share":"","sfsi_plus_gutenberg_icon_type":"","sfsi_plus_gutenberg_icon_alignemt":"","sfsi_plus_gutenburg_max_per_row":"","footnotes":""},"categories":[11],"tags":[],"class_list":["post-75638","post","type-post","status-publish","format-standard","has-post-thumbnail","hentry","category-politica"],"_links":{"self":[{"href":"https:\/\/www.caririemacao.com\/1\/wp-json\/wp\/v2\/posts\/75638","targetHints":{"allow":["GET"]}}],"collection":[{"href":"https:\/\/www.caririemacao.com\/1\/wp-json\/wp\/v2\/posts"}],"about":[{"href":"https:\/\/www.caririemacao.com\/1\/wp-json\/wp\/v2\/types\/post"}],"author":[{"embeddable":true,"href":"https:\/\/www.caririemacao.com\/1\/wp-json\/wp\/v2\/users\/1"}],"replies":[{"embeddable":true,"href":"https:\/\/www.caririemacao.com\/1\/wp-json\/wp\/v2\/comments?post=75638"}],"version-history":[{"count":1,"href":"https:\/\/www.caririemacao.com\/1\/wp-json\/wp\/v2\/posts\/75638\/revisions"}],"predecessor-version":[{"id":75639,"href":"https:\/\/www.caririemacao.com\/1\/wp-json\/wp\/v2\/posts\/75638\/revisions\/75639"}],"wp:featuredmedia":[{"embeddable":true,"href":"https:\/\/www.caririemacao.com\/1\/wp-json\/wp\/v2\/media\/41329"}],"wp:attachment":[{"href":"https:\/\/www.caririemacao.com\/1\/wp-json\/wp\/v2\/media?parent=75638"}],"wp:term":[{"taxonomy":"category","embeddable":true,"href":"https:\/\/www.caririemacao.com\/1\/wp-json\/wp\/v2\/categories?post=75638"},{"taxonomy":"post_tag","embeddable":true,"href":"https:\/\/www.caririemacao.com\/1\/wp-json\/wp\/v2\/tags?post=75638"}],"curies":[{"name":"wp","href":"https:\/\/api.w.org\/{rel}","templated":true}]}}