{"id":75640,"date":"2018-12-07T11:16:53","date_gmt":"2018-12-07T14:16:53","guid":{"rendered":"http:\/\/www.caririemacao.com\/1\/?p=75640"},"modified":"2018-12-07T11:16:53","modified_gmt":"2018-12-07T14:16:53","slug":"george-coelho-e-eleito-presidente-da-famup-com-prefeito-caririzeiro-na-vice","status":"publish","type":"post","link":"https:\/\/www.caririemacao.com\/1\/2018\/12\/07\/george-coelho-e-eleito-presidente-da-famup-com-prefeito-caririzeiro-na-vice\/","title":{"rendered":"George Coelho \u00e9 eleito presidente da Famup com prefeito caririzeiro na vice"},"content":{"rendered":"<p>O prefeito de Sobrado, George Coelho (PSB), foi eleito, com 67 votos, como novo presidente da Federa\u00e7\u00e3o das Associa\u00e7\u00f5es dos Munic\u00edpios da Para\u00edba. A elei\u00e7\u00e3o ocorreu nesta quinta-feira (06) em Jo\u00e3o Pessoa.<\/p>\n<p>A chapa de George conta com o prefeito de Boa Vista, Andr\u00e9 Gomes, como seu vice-presidente e representante do Cariri na mesa diretora da Famup.<\/p>\n<p>George disputava o cargo com o prefeito de Cubati, Dudu Dantas (PSB), que obteve 60 votos. O gestor socialista vai assumir o cargo no dia 30 de janeiro em substitui\u00e7\u00e3o ao atual presidente da entidade, Tota Guedes.<\/p>\n<p>Ao t\u00e9rmino da contagem dos votos, o eleito afirmou que vai buscar manter e ampliar di\u00e1logo com os demais gestores em prol dos munic\u00edpios.<\/p>\n<p>\u201cQuem est\u00e1 sentado na cadeira de presidente agora n\u00e3o \u00e9 s\u00f3 George, mas todos os prefeitos. Vamos buscar a uni\u00e3o e mais for\u00e7a, porque a Para\u00edba \u00e9 guerreira. A Famup vai procurar ainda mais os prefeitos para que possamos trabalhar juntos\u201d, disse.<\/p>\n","protected":false},"excerpt":{"rendered":"<p>O prefeito de Sobrado, George Coelho (PSB), foi eleito, com 67 votos, como novo presidente da Federa\u00e7\u00e3o das Associa\u00e7\u00f5es dos Munic\u00edpios da Para\u00edba. A elei\u00e7\u00e3o&hellip; <\/p>\n","protected":false},"author":1,"featured_media":75641,"comment_status":"closed","ping_status":"closed","sticky":false,"template":"","format":"standard","meta":{"sfsi_plus_gutenberg_text_before_share":"","sfsi_plus_gutenberg_show_text_before_share":"","sfsi_plus_gutenberg_icon_type":"","sfsi_plus_gutenberg_icon_alignemt":"","sfsi_plus_gutenburg_max_per_row":"","footnotes":""},"categories":[11],"tags":[],"class_list":["post-75640","post","type-post","status-publish","format-standard","has-post-thumbnail","hentry","category-politica"],"_links":{"self":[{"href":"https:\/\/www.caririemacao.com\/1\/wp-json\/wp\/v2\/posts\/75640","targetHints":{"allow":["GET"]}}],"collection":[{"href":"https:\/\/www.caririemacao.com\/1\/wp-json\/wp\/v2\/posts"}],"about":[{"href":"https:\/\/www.caririemacao.com\/1\/wp-json\/wp\/v2\/types\/post"}],"author":[{"embeddable":true,"href":"https:\/\/www.caririemacao.com\/1\/wp-json\/wp\/v2\/users\/1"}],"replies":[{"embeddable":true,"href":"https:\/\/www.caririemacao.com\/1\/wp-json\/wp\/v2\/comments?post=75640"}],"version-history":[{"count":1,"href":"https:\/\/www.caririemacao.com\/1\/wp-json\/wp\/v2\/posts\/75640\/revisions"}],"predecessor-version":[{"id":75642,"href":"https:\/\/www.caririemacao.com\/1\/wp-json\/wp\/v2\/posts\/75640\/revisions\/75642"}],"wp:featuredmedia":[{"embeddable":true,"href":"https:\/\/www.caririemacao.com\/1\/wp-json\/wp\/v2\/media\/75641"}],"wp:attachment":[{"href":"https:\/\/www.caririemacao.com\/1\/wp-json\/wp\/v2\/media?parent=75640"}],"wp:term":[{"taxonomy":"category","embeddable":true,"href":"https:\/\/www.caririemacao.com\/1\/wp-json\/wp\/v2\/categories?post=75640"},{"taxonomy":"post_tag","embeddable":true,"href":"https:\/\/www.caririemacao.com\/1\/wp-json\/wp\/v2\/tags?post=75640"}],"curies":[{"name":"wp","href":"https:\/\/api.w.org\/{rel}","templated":true}]}}