{"id":75646,"date":"2018-12-07T11:21:10","date_gmt":"2018-12-07T14:21:10","guid":{"rendered":"http:\/\/www.caririemacao.com\/1\/?p=75646"},"modified":"2018-12-07T11:26:54","modified_gmt":"2018-12-07T14:26:54","slug":"tentativa-de-assalto-a-bancos-com-refens-deixa-13-mortos-apos-tiroteio-com-a-policia-no-ceara","status":"publish","type":"post","link":"https:\/\/www.caririemacao.com\/1\/2018\/12\/07\/tentativa-de-assalto-a-bancos-com-refens-deixa-13-mortos-apos-tiroteio-com-a-policia-no-ceara\/","title":{"rendered":"Tentativa de assalto a bancos com ref\u00e9ns deixa 13 mortos ap\u00f3s tiroteio com a pol\u00edcia no Cear\u00e1"},"content":{"rendered":"<div class=\"mc-column content-text active-extra-styles active-capital-letter\" data-block-type=\"unstyled\" data-block-weight=\"82\" data-block-id=\"2\">\n<p class=\"content-text__container theme-color-primary-first-letter\" data-track-category=\"Link no Texto\" data-track-links=\"\">Um grupo de criminosos armados e com ref\u00e9ns tentou assaltar duas ag\u00eancias banc\u00e1rias da cidade de Milagres, na Regi\u00e3o do Cariri do Cear\u00e1, na madrugada desta sexta-feira (7). Houve intensa troca de tiros e pelo menos 13 pessoas morreram, segundo informou a Coordenadoria de Medicina Legal (Comel) da Per\u00edcia Forense (antigo IML) da cidade de Juazeiro do Norte, que recolheu os corpos. Dois suspeitos de participa\u00e7\u00e3o na tentativa de assalto foram presos, conforme o secret\u00e1rio da Seguran\u00e7a do Cear\u00e1, delegado Andr\u00e9 Costa.<\/p>\n<\/div>\n<div class=\"wall protected-content\">\n<div class=\"mc-column content-text active-extra-styles \" data-block-type=\"unstyled\" data-block-weight=\"52\" data-block-id=\"3\">\n<p class=\"content-text__container \" data-track-category=\"Link no Texto\" data-track-links=\"\">De acordo o prefeito de Milagres, Lielson Landim, entre os mortos est\u00e3o duas crian\u00e7as, entre 10 e 13 anos, que eram feitas ref\u00e9ns pelo grupo criminoso. No total, seis ref\u00e9ns morreram no confronto, sendo cinco da mesma fam\u00edlia, conforme a pol\u00edcia. A pol\u00edcia ainda n\u00e3o conseguiu identificar todos os mortos no confronto.<\/p>\n<\/div>\n<div class=\"mc-column content-text active-extra-styles \" data-block-type=\"unstyled\" data-block-weight=\"48\" data-block-id=\"4\">\n<p class=\"content-text__container \" data-track-category=\"Link no Texto\" data-track-links=\"\">O prefeito de Milagres disse que a fam\u00edlia ia para Serra Talhada, em Pernambuco, quando passou por um trecho interditado na rodovia BR-116, na altura da ponte sobre o riacho Tamandu\u00e1, e foi sequestrada. O sexto ref\u00e9m morto seria de Brejo Santo e tamb\u00e9m foi parado na rodovia.<\/p>\n<\/div>\n<div class=\"mc-column content-text active-extra-styles \" data-block-type=\"unstyled\" data-block-weight=\"43\" data-block-id=\"5\">\n<p class=\"content-text__container \" data-track-category=\"Link no Texto\" data-track-links=\"\">Segundo o prefeito, os ref\u00e9ns foram executados pela quadrilha ao serem abordados pela pol\u00edcia. A quadrilha utilizou um caminh\u00e3o para bloquear a via e parar o ve\u00edculo das v\u00edtimas. Da fam\u00edlia assassinada, duas pessoas eram uma crian\u00e7a e um adolescente de 14 anos.<\/p>\n<\/div>\n<div class=\"mc-column content-text active-extra-styles \" data-block-type=\"unstyled\" data-block-weight=\"65\" data-block-id=\"6\">\n<p class=\"content-text__container \" data-track-category=\"Link no Texto\" data-track-links=\"\">A tentativa de roubo aconteceu por volta de 2h17 da madrugada. Houve confronto entre os policiais e os criminosos. Diversos carros da PM foram usados para conter a quadrilha. Devido \u00e0 a\u00e7\u00e3o da Pol\u00edcia Militar, o grupo criminoso n\u00e3o conseguiu levar o dinheiro de nenhum dos estabelecimentos banc\u00e1rios. Os dois bancos ficam na Rua Presidente Vargas, no Centro do munic\u00edpio, que tem 28 mil habitantes.<\/p>\n<div class=\"mc-column content-text active-extra-styles \" data-block-type=\"unstyled\" data-block-weight=\"47\" data-block-id=\"9\">\n<p class=\"content-text__container \" data-track-category=\"Link no Texto\" data-track-links=\"\">Agentes da Per\u00edcia Forense do Cear\u00e1 informaram que dois ve\u00edculos foram acionados para recolher os corpos e, em seguida, realizar a identifica\u00e7\u00e3o das pessoas. A Pol\u00edcia Militar acrescentou que equipes realizam investiga\u00e7\u00f5es na regi\u00e3o, com objetivo de identificar e prender o restante do grupo, que conseguiu fugir.<\/p>\n<\/div>\n<div class=\"mc-column content-text active-extra-styles \" data-block-type=\"unstyled\" data-block-weight=\"44\" data-block-id=\"10\">\n<p class=\"content-text__container \" data-track-category=\"Link no Texto\" data-track-links=\"\">Durante essas buscas, um homem com um colete bal\u00edstico foi encontrado morto dentro de uma caminhonete. Ele ainda n\u00e3o foi identificado, mas a pol\u00edcia suspeita que ele seja um dos assaltantes que tentou fugir. Duas caminhonetes abandonadas foram encontradas pela pol\u00edcia ap\u00f3s o tiroteio.<\/p>\n<div class=\"mc-column content-text active-extra-styles\" data-block-type=\"raw\" data-block-weight=\"3\" data-block-id=\"12\">\n<div class=\"content-intertitle\">\n<p><strong>&#8216;Madrugada de horror&#8217;<\/strong><\/p>\n<\/div>\n<\/div>\n<div class=\"mc-column content-text active-extra-styles \" data-block-type=\"unstyled\" data-block-weight=\"42\" data-block-id=\"13\">\n<p class=\"content-text__container \" data-track-category=\"Link no Texto\" data-track-links=\"\">Segundo o comerciante e agricultor Mendon\u00e7a de Santa Helena, a troca de tiros durou cerca de 20 minutos. \u201cNunca tinha visto algo parecido. Eu fiquei dentro de casa abaixado e com medo. Ouvi gritaria e pessoas chorando. Foi horr\u00edvel\u201d, relatou o comerciante.<\/p>\n<\/div>\n<div class=\"mc-column content-text active-extra-styles \" data-block-type=\"unstyled\" data-block-weight=\"50\" data-block-id=\"14\">\n<p class=\"content-text__container \" data-track-category=\"Link no Texto\" data-track-links=\"\">Ainda segundo Mendon\u00e7a, depois que o grupo fugiu, deu para perceber que, pelo menos, seis pessoas estavam no ch\u00e3o e apresentando sangramentos. No in\u00edcio do dia, segundo o comerciante, policiais que realizam a seguran\u00e7a da cidade, afirmaram que dez pessoas deram entrada no Hospital Municipal de Milagres, v\u00edtimas do tiroteio.<\/p>\n<\/div>\n<div class=\"mc-column content-text active-extra-styles \" data-block-type=\"unstyled\" data-block-weight=\"27\" data-block-id=\"15\">\n<p class=\"content-text__container \" data-track-category=\"Link no Texto\" data-track-links=\"\">\u201cUm policial afirmou para gente que, pelo menos, dez pessoas estavam no hospital. Pelo menos uns sete j\u00e1 tinham morrido e outros em estado muito grave\u201d, disse.<\/p>\n<div class=\"mc-column content-text active-extra-styles\" data-block-type=\"raw\" data-block-weight=\"2\" data-block-id=\"18\">\n<div class=\"content-intertitle\">\n<p><strong>Rodovia bloqueada<\/strong><\/p>\n<\/div>\n<\/div>\n<div class=\"mc-column content-text active-extra-styles \" data-block-type=\"unstyled\" data-block-weight=\"41\" data-block-id=\"19\">\n<p class=\"content-text__container \" data-track-category=\"Link no Texto\" data-track-links=\"\">A Pol\u00edcia Rodovi\u00e1ria Federal do Cear\u00e1 (PRF-CE) solicitou que os motoristas evitassem a rodovia BR-116, que d\u00e1 acesso \u00e0 entrada ao munic\u00edpio de Milagres. Conforme a PRF, um\u00a0caminh\u00e3o foi abandonado pelo grupo na via para impedir o tr\u00e1fego de ve\u00edculos.<\/p>\n<\/div>\n<div class=\"mc-column content-text active-extra-styles \" data-block-type=\"unstyled\" data-block-weight=\"26\" data-block-id=\"20\">\n<p class=\"content-text__container \" data-track-category=\"Link no Texto\" data-track-links=\"\">Uma das alternativas \u00e9 a CE-384. Ainda n\u00e3o h\u00e1 confirma\u00e7\u00e3o de que esse bloqueio tenha liga\u00e7\u00e3o com a tentativa de assalto \u00e0s ag\u00eancias banc\u00e1rias da cidade.<\/p>\n<div class=\"mc-column content-text active-extra-styles\" data-block-type=\"raw\" data-block-weight=\"4\" data-block-id=\"22\">\n<div class=\"content-intertitle\">\n<p><strong>2\u00ba ataque na madrugada<\/strong><\/p>\n<\/div>\n<\/div>\n<div class=\"mc-column content-text active-extra-styles \" data-block-type=\"unstyled\" data-block-weight=\"56\" data-block-id=\"23\">\n<p class=\"content-text__container \" data-track-category=\"Link no Texto\" data-track-links=\"\">Ainda durante a madrugada, um outro\u00a0grupo armado explodiu uma ag\u00eancia banc\u00e1ria no munic\u00edpio de Itatira, que fica no Sert\u00e3o Central do Cear\u00e1. Segundo informa\u00e7\u00f5es da Pol\u00edcia Militar, cerca de 15 homens participaram do crime. A pol\u00edcia informou que o grupo estava armado de fuzis, pistolas, espingardas e explodiram a ag\u00eancia por volta da 3 horas.<\/p>\n<p data-track-category=\"Link no Texto\" data-track-links=\"\">Segundo o Sindicato dos Banc\u00e1rios do Cear\u00e1, pelo menos 44 ataques contra bancos foram registrados neste ano no Cear\u00e1.<\/p>\n<\/div>\n<\/div>\n<\/div>\n<\/div>\n<\/div>\n<\/div>\n","protected":false},"excerpt":{"rendered":"<p>Um grupo de criminosos armados e com ref\u00e9ns tentou assaltar duas ag\u00eancias banc\u00e1rias da cidade de Milagres, na Regi\u00e3o do Cariri do Cear\u00e1, na madrugada&hellip; <\/p>\n","protected":false},"author":1,"featured_media":75655,"comment_status":"closed","ping_status":"closed","sticky":false,"template":"","format":"standard","meta":{"sfsi_plus_gutenberg_text_before_share":"","sfsi_plus_gutenberg_show_text_before_share":"","sfsi_plus_gutenberg_icon_type":"","sfsi_plus_gutenberg_icon_alignemt":"","sfsi_plus_gutenburg_max_per_row":"","footnotes":""},"categories":[50,12],"tags":[],"class_list":["post-75646","post","type-post","status-publish","format-standard","has-post-thumbnail","hentry","category-destaque","category-policia"],"_links":{"self":[{"href":"https:\/\/www.caririemacao.com\/1\/wp-json\/wp\/v2\/posts\/75646","targetHints":{"allow":["GET"]}}],"collection":[{"href":"https:\/\/www.caririemacao.com\/1\/wp-json\/wp\/v2\/posts"}],"about":[{"href":"https:\/\/www.caririemacao.com\/1\/wp-json\/wp\/v2\/types\/post"}],"author":[{"embeddable":true,"href":"https:\/\/www.caririemacao.com\/1\/wp-json\/wp\/v2\/users\/1"}],"replies":[{"embeddable":true,"href":"https:\/\/www.caririemacao.com\/1\/wp-json\/wp\/v2\/comments?post=75646"}],"version-history":[{"count":3,"href":"https:\/\/www.caririemacao.com\/1\/wp-json\/wp\/v2\/posts\/75646\/revisions"}],"predecessor-version":[{"id":75652,"href":"https:\/\/www.caririemacao.com\/1\/wp-json\/wp\/v2\/posts\/75646\/revisions\/75652"}],"wp:featuredmedia":[{"embeddable":true,"href":"https:\/\/www.caririemacao.com\/1\/wp-json\/wp\/v2\/media\/75655"}],"wp:attachment":[{"href":"https:\/\/www.caririemacao.com\/1\/wp-json\/wp\/v2\/media?parent=75646"}],"wp:term":[{"taxonomy":"category","embeddable":true,"href":"https:\/\/www.caririemacao.com\/1\/wp-json\/wp\/v2\/categories?post=75646"},{"taxonomy":"post_tag","embeddable":true,"href":"https:\/\/www.caririemacao.com\/1\/wp-json\/wp\/v2\/tags?post=75646"}],"curies":[{"name":"wp","href":"https:\/\/api.w.org\/{rel}","templated":true}]}}