{"id":75648,"date":"2018-12-07T11:24:29","date_gmt":"2018-12-07T14:24:29","guid":{"rendered":"http:\/\/www.caririemacao.com\/1\/?p=75648"},"modified":"2018-12-07T11:24:29","modified_gmt":"2018-12-07T14:24:29","slug":"ufpb-anuncia-concurso-com-mais-de-100-vagas-para-tecnico","status":"publish","type":"post","link":"https:\/\/www.caririemacao.com\/1\/2018\/12\/07\/ufpb-anuncia-concurso-com-mais-de-100-vagas-para-tecnico\/","title":{"rendered":"UFPB anuncia concurso com mais de 100 vagas para t\u00e9cnico"},"content":{"rendered":"<p>A reitoria da Universidade Federal da Para\u00edba (UFPB) anunciou que ir\u00e1 realizar um concurso p\u00fablico para preenchimento de mais de 100 vagas de t\u00e9cnico-administrativo.<\/p>\n<p>A maioria das vagas ser\u00e1 destinada ao cargo de assistente administrativo, mas haver\u00e1 vagas para cargos de n\u00edvel superior e para t\u00e9cnico de laborat\u00f3rio.<\/p>\n<p>O edital do concurso com o n\u00famero total de vagas deve ser publicado at\u00e9 o final de dezembro. O concurso ser\u00e1 organizado pelo Instituto AOCP.<\/p>\n","protected":false},"excerpt":{"rendered":"<p>A reitoria da Universidade Federal da Para\u00edba (UFPB) anunciou que ir\u00e1 realizar um concurso p\u00fablico para preenchimento de mais de 100 vagas de t\u00e9cnico-administrativo. A&hellip; <\/p>\n","protected":false},"author":1,"featured_media":49706,"comment_status":"closed","ping_status":"closed","sticky":false,"template":"","format":"standard","meta":{"sfsi_plus_gutenberg_text_before_share":"","sfsi_plus_gutenberg_show_text_before_share":"","sfsi_plus_gutenberg_icon_type":"","sfsi_plus_gutenberg_icon_alignemt":"","sfsi_plus_gutenburg_max_per_row":"","footnotes":""},"categories":[14],"tags":[],"class_list":["post-75648","post","type-post","status-publish","format-standard","has-post-thumbnail","hentry","category-educacao"],"_links":{"self":[{"href":"https:\/\/www.caririemacao.com\/1\/wp-json\/wp\/v2\/posts\/75648","targetHints":{"allow":["GET"]}}],"collection":[{"href":"https:\/\/www.caririemacao.com\/1\/wp-json\/wp\/v2\/posts"}],"about":[{"href":"https:\/\/www.caririemacao.com\/1\/wp-json\/wp\/v2\/types\/post"}],"author":[{"embeddable":true,"href":"https:\/\/www.caririemacao.com\/1\/wp-json\/wp\/v2\/users\/1"}],"replies":[{"embeddable":true,"href":"https:\/\/www.caririemacao.com\/1\/wp-json\/wp\/v2\/comments?post=75648"}],"version-history":[{"count":1,"href":"https:\/\/www.caririemacao.com\/1\/wp-json\/wp\/v2\/posts\/75648\/revisions"}],"predecessor-version":[{"id":75649,"href":"https:\/\/www.caririemacao.com\/1\/wp-json\/wp\/v2\/posts\/75648\/revisions\/75649"}],"wp:featuredmedia":[{"embeddable":true,"href":"https:\/\/www.caririemacao.com\/1\/wp-json\/wp\/v2\/media\/49706"}],"wp:attachment":[{"href":"https:\/\/www.caririemacao.com\/1\/wp-json\/wp\/v2\/media?parent=75648"}],"wp:term":[{"taxonomy":"category","embeddable":true,"href":"https:\/\/www.caririemacao.com\/1\/wp-json\/wp\/v2\/categories?post=75648"},{"taxonomy":"post_tag","embeddable":true,"href":"https:\/\/www.caririemacao.com\/1\/wp-json\/wp\/v2\/tags?post=75648"}],"curies":[{"name":"wp","href":"https:\/\/api.w.org\/{rel}","templated":true}]}}