{"id":75656,"date":"2018-12-07T11:32:29","date_gmt":"2018-12-07T14:32:29","guid":{"rendered":"http:\/\/www.caririemacao.com\/1\/?p=75656"},"modified":"2018-12-07T11:32:29","modified_gmt":"2018-12-07T14:32:29","slug":"apos-estuprar-enteada-com-problemas-mentais-homem-quase-e-linchado-em-cg","status":"publish","type":"post","link":"https:\/\/www.caririemacao.com\/1\/2018\/12\/07\/apos-estuprar-enteada-com-problemas-mentais-homem-quase-e-linchado-em-cg\/","title":{"rendered":"Ap\u00f3s estuprar enteada com problemas mentais, homem quase \u00e9 linchado em CG"},"content":{"rendered":"<p>Um homem foi preso em flagrante ap\u00f3s ter estuprado a enteada com problemas mentais em Campina Grande, nessa quinta-feira, 6.<\/p>\n<p>O crime aconteceu no bairro Jardim Tavares, onde o suspeito foi flagrado pela pr\u00f3pria esposa, que o encontrou no quarto com a filha de 34 anos, que sofre de problemas mentais.<\/p>\n<p>O homem estava nu e a v\u00edtima seminua, com um ferimento na perna que sangrava muito.<\/p>\n<p>A esposa chamou a pol\u00edcia, e o suspeito, antes de os policiais chegarem, quase foi linchado pelos moradores da localidade.<\/p>\n<p>Ele sofreu um corte na cabe\u00e7a e precisou levar 12 pontos.<\/p>\n<p>O suspeito foi socorrido e preso e agora aguarda a audi\u00eancia de cust\u00f3dia.<\/p>\n<p>&nbsp;<\/p>\n<p>PARA\u00cdBA.COM<\/p>\n","protected":false},"excerpt":{"rendered":"<p>Um homem foi preso em flagrante ap\u00f3s ter estuprado a enteada com problemas mentais em Campina Grande, nessa quinta-feira, 6. O crime aconteceu no bairro&hellip; <\/p>\n","protected":false},"author":1,"featured_media":12338,"comment_status":"closed","ping_status":"closed","sticky":false,"template":"","format":"standard","meta":{"sfsi_plus_gutenberg_text_before_share":"","sfsi_plus_gutenberg_show_text_before_share":"","sfsi_plus_gutenberg_icon_type":"","sfsi_plus_gutenberg_icon_alignemt":"","sfsi_plus_gutenburg_max_per_row":"","footnotes":""},"categories":[12],"tags":[],"class_list":["post-75656","post","type-post","status-publish","format-standard","has-post-thumbnail","hentry","category-policia"],"_links":{"self":[{"href":"https:\/\/www.caririemacao.com\/1\/wp-json\/wp\/v2\/posts\/75656","targetHints":{"allow":["GET"]}}],"collection":[{"href":"https:\/\/www.caririemacao.com\/1\/wp-json\/wp\/v2\/posts"}],"about":[{"href":"https:\/\/www.caririemacao.com\/1\/wp-json\/wp\/v2\/types\/post"}],"author":[{"embeddable":true,"href":"https:\/\/www.caririemacao.com\/1\/wp-json\/wp\/v2\/users\/1"}],"replies":[{"embeddable":true,"href":"https:\/\/www.caririemacao.com\/1\/wp-json\/wp\/v2\/comments?post=75656"}],"version-history":[{"count":1,"href":"https:\/\/www.caririemacao.com\/1\/wp-json\/wp\/v2\/posts\/75656\/revisions"}],"predecessor-version":[{"id":75657,"href":"https:\/\/www.caririemacao.com\/1\/wp-json\/wp\/v2\/posts\/75656\/revisions\/75657"}],"wp:featuredmedia":[{"embeddable":true,"href":"https:\/\/www.caririemacao.com\/1\/wp-json\/wp\/v2\/media\/12338"}],"wp:attachment":[{"href":"https:\/\/www.caririemacao.com\/1\/wp-json\/wp\/v2\/media?parent=75656"}],"wp:term":[{"taxonomy":"category","embeddable":true,"href":"https:\/\/www.caririemacao.com\/1\/wp-json\/wp\/v2\/categories?post=75656"},{"taxonomy":"post_tag","embeddable":true,"href":"https:\/\/www.caririemacao.com\/1\/wp-json\/wp\/v2\/tags?post=75656"}],"curies":[{"name":"wp","href":"https:\/\/api.w.org\/{rel}","templated":true}]}}