{"id":75658,"date":"2018-12-07T11:34:07","date_gmt":"2018-12-07T14:34:07","guid":{"rendered":"http:\/\/www.caririemacao.com\/1\/?p=75658"},"modified":"2018-12-07T11:34:07","modified_gmt":"2018-12-07T14:34:07","slug":"campinense-anuncia-reforcos-e-dia-comanda-treino-tatico-com-foco-nos-amistosos","status":"publish","type":"post","link":"https:\/\/www.caririemacao.com\/1\/2018\/12\/07\/campinense-anuncia-reforcos-e-dia-comanda-treino-tatico-com-foco-nos-amistosos\/","title":{"rendered":"Campinense anuncia refor\u00e7os e Di\u00e1 comanda treino t\u00e1tico com foco nos amistosos"},"content":{"rendered":"<p><!------------------->\u00a0\u00a0\u00a0\u00a0\u00a0\u00a0\u00a0<!--banner-editoria-->\u00a0\u00a0\u00a0\u00a0\u00a0\u00a0\u00a0<!------------------->\u00a0\u00a0\u00a0\u00a0\u00a0\u00a0\u00a0\u00a0\u00a0\u00a0\u00a0\u00a0\u00a0<!------------------->\u00a0\u00a0\u00a0\u00a0\u00a0\u00a0\u00a0<!-------fim--------->\u00a0\u00a0\u00a0\u00a0\u00a0\u00a0\u00a0<!------------------->\u00a0\u00a0\u00a0\u00a0\u00a0\u00a0\u00a0\u00a0\u00a0\u00a0\u00a0\u00a0<!--conte\u00fado--><\/p>\n<div class=\"content\">\n<p>Com tr\u00eas amistosos marcados para os pr\u00f3ximos 30 dias de pr\u00e9-temporada, o Campinense do t\u00e9cnico Francisco Di\u00e1 segue se refor\u00e7ando para 2019, ano em que o clube vai disputar o Campeonato Paraibano, a Copa do Brasil e o Brasileiro da S\u00e9rie D.<\/p>\n<div id=\"attachment_534754\" class=\"wp-caption alignnone\"><img decoding=\"async\" class=\"wp-image-534754 size-full lazyload\" data-src=\"https:\/\/paraibaonline.com.br\/wp-content\/uploads\/2018\/12\/Pr\u00e9Temporada_CC_2019_2.jpg\" data-srcset=\"https:\/\/paraibaonline.com.br\/wp-content\/uploads\/2018\/12\/Pr\u00e9Temporada_CC_2019_2.jpg 800w, https:\/\/paraibaonline.com.br\/wp-content\/uploads\/2018\/12\/Pr\u00e9Temporada_CC_2019_2-567x385.jpg 567w\" alt=\"\" src=\"data:image\/svg+xml;base64,PHN2ZyB3aWR0aD0iMSIgaGVpZ2h0PSIxIiB4bWxucz0iaHR0cDovL3d3dy53My5vcmcvMjAwMC9zdmciPjwvc3ZnPg==\" \/><\/p>\n<p class=\"wp-caption-text\">Foto: Paraibaonline<\/p>\n<\/div>\n<p>Nesta quinta-feira, enquanto o treinador j\u00e1 aumentava a intensidade dos treinos t\u00e1ticos, realizados junto com os trabalhos f\u00edsicos e t\u00e9cnicos, o goleiro Diego Neto, de 28 anos, e o zagueiro Alaf, 22, foram anunciados como as mais novas contrata\u00e7\u00f5es rubro-negras.<\/p>\n<p>O defensor, inclusive, j\u00e1 se apresentou e deu voltas em torno do gramado do Convento Marista, na cidade de Lagoa Seca, onde a Raposa tem realizado a pr\u00e9-temporada. O arqueiro, por sua vez, desembarca em Campina Grande no final da noite.<\/p>\n<p>O zagueiro Alaf tem 22 anos e \u00e9 fruto da base do Porto de Caruaru, enquanto o goleiro Diego Neto, que mede 186cm e pesa 78kg, estava no Rio Branco-SP.<\/p>\n<p><strong>Amistosos<\/strong><\/p>\n<div id=\"attachment_534753\" class=\"wp-caption alignnone\"><img decoding=\"async\" class=\"wp-image-534753 size-full lazyload\" data-src=\"https:\/\/paraibaonline.com.br\/wp-content\/uploads\/2018\/12\/Pr\u00e9Temporada_CC_2019.jpg\" data-srcset=\"https:\/\/paraibaonline.com.br\/wp-content\/uploads\/2018\/12\/Pr\u00e9Temporada_CC_2019.jpg 800w, https:\/\/paraibaonline.com.br\/wp-content\/uploads\/2018\/12\/Pr\u00e9Temporada_CC_2019-567x378.jpg 567w\" alt=\"\" src=\"data:image\/svg+xml;base64,PHN2ZyB3aWR0aD0iMSIgaGVpZ2h0PSIxIiB4bWxucz0iaHR0cDovL3d3dy53My5vcmcvMjAwMC9zdmciPjwvc3ZnPg==\" \/><\/p>\n<p class=\"wp-caption-text\">Foto: Paraibaonline<\/p>\n<\/div>\n<p>J\u00e1 pensando nos tr\u00eas jogos amig\u00e1veis programados para as pr\u00f3ximas semanas, o t\u00e9cnico Francisco Di\u00e1 comandou nesta quinta-feira o que pode ser considerado o primeiro trabalho t\u00e1tico da pr\u00e9-temporada.<\/p>\n<p>As aten\u00e7\u00f5es do treinador estiveram mais focadas no time sem colete, que esteve formado com\u00a0Wagner Coradin, Neilson, Henrique Mattos,\u00a0Richardson e James; Cl\u00e9ber, Ded\u00e9 e Alisson Sh\u00e1-Bala; Felipe Tchel\u00e9, Afonso J\u00fanior e Lopeu.<\/p>\n<p>O foco \u00e9 no Cl\u00e1ssico dos Maiorais do pr\u00f3ximo dia 19, quando Campinense e Treze v\u00e3o se enfrentar para inaugurar o novo gramado do est\u00e1dio Amig\u00e3o. A partida est\u00e1 marcada para as 20h30.<\/p>\n<p>Os outros amistosos da Raposa est\u00e3o agendados para o dia 23, contra o Santa Cruz de Natal, e dia 6 de janeiro, ante o Central d e Caruaru. Ambas as partidas tamb\u00e9m devem acontecer no Amig\u00e3o.<\/p>\n<\/div>\n","protected":false},"excerpt":{"rendered":"<p>\u00a0\u00a0\u00a0\u00a0\u00a0\u00a0\u00a0\u00a0\u00a0\u00a0\u00a0\u00a0\u00a0\u00a0\u00a0\u00a0\u00a0\u00a0\u00a0\u00a0\u00a0\u00a0\u00a0\u00a0\u00a0\u00a0\u00a0\u00a0\u00a0\u00a0\u00a0\u00a0\u00a0\u00a0\u00a0\u00a0\u00a0\u00a0\u00a0\u00a0\u00a0\u00a0\u00a0\u00a0\u00a0\u00a0\u00a0\u00a0\u00a0\u00a0\u00a0\u00a0\u00a0 Com tr\u00eas amistosos marcados para os pr\u00f3ximos 30 dias de pr\u00e9-temporada, o Campinense do t\u00e9cnico Francisco Di\u00e1 segue se refor\u00e7ando para 2019, ano em&hellip; <\/p>\n","protected":false},"author":1,"featured_media":75659,"comment_status":"closed","ping_status":"closed","sticky":false,"template":"","format":"standard","meta":{"sfsi_plus_gutenberg_text_before_share":"","sfsi_plus_gutenberg_show_text_before_share":"","sfsi_plus_gutenberg_icon_type":"","sfsi_plus_gutenberg_icon_alignemt":"","sfsi_plus_gutenburg_max_per_row":"","footnotes":""},"categories":[13],"tags":[],"class_list":["post-75658","post","type-post","status-publish","format-standard","has-post-thumbnail","hentry","category-esportes"],"_links":{"self":[{"href":"https:\/\/www.caririemacao.com\/1\/wp-json\/wp\/v2\/posts\/75658","targetHints":{"allow":["GET"]}}],"collection":[{"href":"https:\/\/www.caririemacao.com\/1\/wp-json\/wp\/v2\/posts"}],"about":[{"href":"https:\/\/www.caririemacao.com\/1\/wp-json\/wp\/v2\/types\/post"}],"author":[{"embeddable":true,"href":"https:\/\/www.caririemacao.com\/1\/wp-json\/wp\/v2\/users\/1"}],"replies":[{"embeddable":true,"href":"https:\/\/www.caririemacao.com\/1\/wp-json\/wp\/v2\/comments?post=75658"}],"version-history":[{"count":1,"href":"https:\/\/www.caririemacao.com\/1\/wp-json\/wp\/v2\/posts\/75658\/revisions"}],"predecessor-version":[{"id":75660,"href":"https:\/\/www.caririemacao.com\/1\/wp-json\/wp\/v2\/posts\/75658\/revisions\/75660"}],"wp:featuredmedia":[{"embeddable":true,"href":"https:\/\/www.caririemacao.com\/1\/wp-json\/wp\/v2\/media\/75659"}],"wp:attachment":[{"href":"https:\/\/www.caririemacao.com\/1\/wp-json\/wp\/v2\/media?parent=75658"}],"wp:term":[{"taxonomy":"category","embeddable":true,"href":"https:\/\/www.caririemacao.com\/1\/wp-json\/wp\/v2\/categories?post=75658"},{"taxonomy":"post_tag","embeddable":true,"href":"https:\/\/www.caririemacao.com\/1\/wp-json\/wp\/v2\/tags?post=75658"}],"curies":[{"name":"wp","href":"https:\/\/api.w.org\/{rel}","templated":true}]}}