{"id":75664,"date":"2018-12-07T11:38:16","date_gmt":"2018-12-07T14:38:16","guid":{"rendered":"http:\/\/www.caririemacao.com\/1\/?p=75664"},"modified":"2018-12-07T11:38:16","modified_gmt":"2018-12-07T14:38:16","slug":"ufcg-abre-concurso-para-professor-adjunto-na-unidade-academica-de-matematica","status":"publish","type":"post","link":"https:\/\/www.caririemacao.com\/1\/2018\/12\/07\/ufcg-abre-concurso-para-professor-adjunto-na-unidade-academica-de-matematica\/","title":{"rendered":"UFCG abre concurso para professor adjunto na Unidade Acad\u00eamica de Matem\u00e1tica"},"content":{"rendered":"<p><!------------------->\u00a0\u00a0\u00a0\u00a0\u00a0\u00a0\u00a0<!--banner-editoria-->\u00a0\u00a0\u00a0\u00a0\u00a0\u00a0\u00a0<!------------------->\u00a0\u00a0\u00a0\u00a0\u00a0\u00a0\u00a0\u00a0\u00a0\u00a0\u00a0\u00a0\u00a0<!------------------->\u00a0\u00a0\u00a0\u00a0\u00a0\u00a0\u00a0<!-------fim--------->\u00a0\u00a0\u00a0\u00a0\u00a0\u00a0\u00a0<!------------------->\u00a0\u00a0\u00a0\u00a0\u00a0\u00a0\u00a0<!--conte\u00fado--><\/p>\n<div class=\"content\">\n<p>O Centro de Ci\u00eancias e Tecnologia (CCT) da Universidade Federal de Campina Grande (UFCG) vai abrir inscri\u00e7\u00f5es para concurso p\u00fablico de provas e t\u00edtulos destinado a ocupar uma vaga de professor na Unidade Acad\u00eamica de Matem\u00e1tica (UAMat), campus sede.<\/p>\n<p>A vaga \u00e9 para regime de dedica\u00e7\u00e3o exclusiva, com carga hor\u00e1ria de 40 horas semanais, atuando na \u00e1rea de \u00c1lgebra.<\/p>\n<p>As inscri\u00e7\u00f5es t\u00eam in\u00edcio a partir da pr\u00f3xima segunda-feira, 10, e seguem at\u00e9 o dia 20 deste m\u00eas.<\/p>\n<p>Elas podem ser efetuadas na Secretaria da UAMat, bloco CX, das 8h \u00e0s 11h e das 14h \u00e0s 17h. As provas, o sorteio de pontos e ordem de apresenta\u00e7\u00f5es est\u00e3o programados para ocorrer nos dias 18 a 22 de fevereiro do pr\u00f3ximo ano.<\/p>\n<p>Para acessar o programa exigido, comiss\u00f5es, modelos de requerimento e demais informa\u00e7\u00f5es, acesse o Edital n\u00ba 13, de 29 de novembro de 2018 ou ligue (83) 2101.1030.<\/p>\n<\/div>\n","protected":false},"excerpt":{"rendered":"<p>\u00a0\u00a0\u00a0\u00a0\u00a0\u00a0\u00a0\u00a0\u00a0\u00a0\u00a0\u00a0\u00a0\u00a0\u00a0\u00a0\u00a0\u00a0\u00a0\u00a0\u00a0\u00a0\u00a0\u00a0\u00a0\u00a0\u00a0\u00a0\u00a0\u00a0\u00a0\u00a0\u00a0\u00a0\u00a0\u00a0\u00a0\u00a0\u00a0\u00a0\u00a0\u00a0\u00a0\u00a0\u00a0\u00a0\u00a0\u00a0 O Centro de Ci\u00eancias e Tecnologia (CCT) da Universidade Federal de Campina Grande (UFCG) vai abrir inscri\u00e7\u00f5es para concurso p\u00fablico de provas e t\u00edtulos&hellip; <\/p>\n","protected":false},"author":1,"featured_media":50746,"comment_status":"closed","ping_status":"closed","sticky":false,"template":"","format":"standard","meta":{"sfsi_plus_gutenberg_text_before_share":"","sfsi_plus_gutenberg_show_text_before_share":"","sfsi_plus_gutenberg_icon_type":"","sfsi_plus_gutenberg_icon_alignemt":"","sfsi_plus_gutenburg_max_per_row":"","footnotes":""},"categories":[14],"tags":[],"class_list":["post-75664","post","type-post","status-publish","format-standard","has-post-thumbnail","hentry","category-educacao"],"_links":{"self":[{"href":"https:\/\/www.caririemacao.com\/1\/wp-json\/wp\/v2\/posts\/75664","targetHints":{"allow":["GET"]}}],"collection":[{"href":"https:\/\/www.caririemacao.com\/1\/wp-json\/wp\/v2\/posts"}],"about":[{"href":"https:\/\/www.caririemacao.com\/1\/wp-json\/wp\/v2\/types\/post"}],"author":[{"embeddable":true,"href":"https:\/\/www.caririemacao.com\/1\/wp-json\/wp\/v2\/users\/1"}],"replies":[{"embeddable":true,"href":"https:\/\/www.caririemacao.com\/1\/wp-json\/wp\/v2\/comments?post=75664"}],"version-history":[{"count":1,"href":"https:\/\/www.caririemacao.com\/1\/wp-json\/wp\/v2\/posts\/75664\/revisions"}],"predecessor-version":[{"id":75665,"href":"https:\/\/www.caririemacao.com\/1\/wp-json\/wp\/v2\/posts\/75664\/revisions\/75665"}],"wp:featuredmedia":[{"embeddable":true,"href":"https:\/\/www.caririemacao.com\/1\/wp-json\/wp\/v2\/media\/50746"}],"wp:attachment":[{"href":"https:\/\/www.caririemacao.com\/1\/wp-json\/wp\/v2\/media?parent=75664"}],"wp:term":[{"taxonomy":"category","embeddable":true,"href":"https:\/\/www.caririemacao.com\/1\/wp-json\/wp\/v2\/categories?post=75664"},{"taxonomy":"post_tag","embeddable":true,"href":"https:\/\/www.caririemacao.com\/1\/wp-json\/wp\/v2\/tags?post=75664"}],"curies":[{"name":"wp","href":"https:\/\/api.w.org\/{rel}","templated":true}]}}